{"id":9007,"date":"2023-07-12T10:40:03","date_gmt":"2023-07-12T08:40:03","guid":{"rendered":"https:\/\/wellenklaenge.at\/?p=9007"},"modified":"2023-07-12T10:48:30","modified_gmt":"2023-07-12T08:48:30","slug":"die-schuld-wurde-immer-bei-den-frauen-gefunden","status":"publish","type":"post","link":"https:\/\/wellenklaenge.at\/en\/2023\/07\/12\/die-schuld-wurde-immer-bei-den-frauen-gefunden\/","title":{"rendered":"Die Schuld wurde immer bei den Frauen gefunden"},"content":{"rendered":"<p><span style=\"font-family: radikal-light;\"><em><strong>Das Buch \u201eGeradeger\u00fcckt.\u201c beinhaltet 28 Biografien von ber\u00fchmten Frauen, die viele Menschen glauben zu kennen \u2013 etwa Pamela Anderson, Meghan Markle oder Janet Jackson. Oftmals werden und wurden diese Biografien f\u00e4lschlich dargestellt. Welches System dahinter steckt erz\u00e4hlt Co-Herausgeberin Noura Maan im Interview.<\/strong><\/em><\/span><\/p>\n<p><span style=\"font-family: radikal-light;\"><strong>Noura Maan \u00fcber \u2026<\/strong><\/span><\/p>\n<p><span style=\"font-family: radikal-light;\"><strong>\u2026die Notwendigkeit des Buches: <\/strong><\/span><\/p>\n<p><span style=\"font-family: radikal-light;\">Bei all diesen Biografien hat sich eine sexistische Erz\u00e4hlung manifestiert, an der vieles nicht stimmt. Wir blicken mit einem neuen, kritischen Blick auf diese Biografien und erz\u00e4hlen sie aus einer feministischen Perspektive neu.<\/span><\/p>\n<p><span style=\"font-family: radikal-light;\"><strong>\u2026 Beispiele aus dem Buch: <\/strong><\/span><\/p>\n<p><span style=\"font-family: radikal-light;\">Gute Beispiele sind die Aff\u00e4re zwischen Monica Lewinsky und Bill Clinton oder Nipplegate, als Justin Timberlake in der Halbzeitshow des Superbowl die Brust von Janet Jackson entbl\u00f6\u00dft hat. Die Schuld wurde immer bei den Frauen gefunden. Sie wurden verantwortlich gemacht und zum Ziel von \u00f6ffentlichem Hass. Es wurde ihnen unterstellt, dass sie zu bl\u00f6d waren oder das von langer Hand geplant h\u00e4tten. Aber was h\u00e4tten sie davon haben sollen? F\u00fcr die Frauen ging es danach bergab.<\/span><\/p>\n<p><span style=\"font-family: radikal-light;\"><strong>\u2026 \u00fcber das System hinter solchen Erz\u00e4hlungen. <\/strong><\/span><\/p>\n<p><span style=\"font-family: radikal-light;\">Wir leben in einer sexistischen Gesellschaft, in der auf ber\u00fchmte Frauen ein viel strengerer Blick angewendet wird. Und dann gibt es Medien, insbesondere den Boulevard, die mit diesem \u201estrengen Blick\u201c Geld verdienen. Da geht es um kapitalistische Interessen. Besonders in den 90er Jahren lag die Erz\u00e4hlung dieser Biografien in den H\u00e4nden von Paparazzi und Boulevard-Medien. Es gab damals kaum M\u00f6glichkeiten, dass sich betroffene Frauen selbst zu Wort melden.<\/span><\/p>\n<p><span style=\"font-family: radikal-light;\"><strong>\u2026 \u00fcber Gefahren und Chancen durch Social Media in diesem Kontext. <\/strong><\/span><\/p>\n<p><span style=\"font-family: radikal-light;\">Es ist eine zweischneidige Sache. Es gibt auf Social Media extrem viel Hass und Shitstorms, die vor allem Frauen und marginalisierte Personen treffen. Gleichzeitig gibt es aber auch Gegenstimmen. Das macht schon einen Unterschied. Auch Lewinsky hat einmal gesagt, wenn es damals schon Social Media gegeben h\u00e4tte, h\u00e4tte sie wom\u00f6glich ein bisschen Empathie und Mitgef\u00fchl erfahren. \u00a0<\/span><\/p>\n<p><span style=\"font-family: radikal-light;\"><strong>\u2026 den Kampf gegen das System. <\/strong><\/span><\/p>\n<p><span style=\"font-family: radikal-light;\">Der wichtigste Aspekt ist Bildung. Wir lernen so wenig \u00fcber Frauenbewegungen in der Schule. Man lernt vor allem, dass Gleichberechtigung rechtlich umgesetzt und bestimmte Dinge eingef\u00fchrt wurden. Das vermittelt das Bild, dass es nichts mehr gibt, worum man k\u00e4mpfen muss. Vielmehr sollten die Sch\u00fcler*innen aber auch lernen, dass es einen Unterschied zwischen gesetzlicher und faktischer Gleichberechtigung gibt.<\/span><\/p>\n<p><span style=\"font-family: radikal-light;\"><strong>\u2026 das Ziel des Buchs. \u00a0<\/strong><\/span><\/p>\n<p><span style=\"font-family: radikal-light;\">Einerseits nat\u00fcrlich, dass man diese Biografien richtig abspeichert. Wir wollen die Biografien journalistisch aufarbeiten, mit einem kritischen Blick und einem Anspruch auf Vollst\u00e4ndigkeit. So sollen sie h\u00e4ngen bleiben. Und nat\u00fcrlich geht es auch darum, dass man grunds\u00e4tzlich einen kritischen Blick auf solche Erz\u00e4hlungen vermittelt und dieser von den Leser*innen auf aktuelle F\u00e4lle angewendet wird.<\/span><\/p>","protected":false},"excerpt":{"rendered":"<p>Das Buch \u201eGeradeger\u00fcckt.\u201c beinhaltet 28 Biografien von ber\u00fchmten Frauen, die viele Menschen glauben zu kennen \u2013 etwa Pamela Anderson, Meghan Markle oder Janet Jackson. Oftmals werden und wurden diese Biografien f\u00e4lschlich dargestellt. Welches System dahinter steckt erz\u00e4hlt Co-Herausgeberin Noura Maan im Interview. <\/p>","protected":false},"author":1,"featured_media":9011,"comment_status":"closed","ping_status":"closed","sticky":false,"template":"elementor_theme","format":"standard","meta":{"inline_featured_image":false,"footnotes":""},"categories":[1,53],"tags":[54],"post_folder":[],"class_list":["post-9007","post","type-post","status-publish","format-standard","has-post-thumbnail","hentry","category-allgemein","category-geschichten-die-wellen-schlagen","tag-geschichten"],"yoast_head":"<!-- This site is optimized with the Yoast SEO plugin v20.1 - https:\/\/yoast.com\/wordpress\/plugins\/seo\/ -->\n<title>Die Schuld wurde immer bei den Frauen gefunden - wellenklaenge<\/title>\n<meta name=\"description\" content=\"wellenklaenge festival - Festival f\u00fcr zeitgen\u00f6ssische Str\u00f6mungen\" \/>\n<meta name=\"robots\" content=\"index, follow, max-snippet:-1, max-image-preview:large, max-video-preview:-1\" \/>\n<link rel=\"canonical\" href=\"https:\/\/wellenklaenge.at\/en\/2023\/07\/12\/die-schuld-wurde-immer-bei-den-frauen-gefunden\/\" \/>\n<meta property=\"og:locale\" content=\"en_GB\" \/>\n<meta property=\"og:type\" content=\"article\" \/>\n<meta property=\"og:title\" content=\"Die Schuld wurde immer bei den Frauen gefunden - wellenklaenge\" \/>\n<meta property=\"og:description\" content=\"wellenklaenge festival - Festival f\u00fcr zeitgen\u00f6ssische Str\u00f6mungen\" \/>\n<meta property=\"og:url\" content=\"https:\/\/wellenklaenge.at\/en\/2023\/07\/12\/die-schuld-wurde-immer-bei-den-frauen-gefunden\/\" \/>\n<meta property=\"og:site_name\" content=\"wellenklaenge\" \/>\n<meta property=\"article:published_time\" content=\"2023-07-12T08:40:03+00:00\" \/>\n<meta property=\"article:modified_time\" content=\"2023-07-12T08:48:30+00:00\" \/>\n<meta property=\"og:image\" content=\"https:\/\/wellenklaenge.at\/wp-content\/uploads\/2023\/07\/elodiegrethen_Kremayr-Scheriau-small.jpg\" \/>\n\t<meta property=\"og:image:width\" content=\"400\" \/>\n\t<meta property=\"og:image:height\" content=\"426\" \/>\n\t<meta property=\"og:image:type\" content=\"image\/jpeg\" \/>\n<meta name=\"author\" content=\"webwkl2228265563\" \/>\n<meta name=\"twitter:card\" content=\"summary_large_image\" \/>\n<meta name=\"twitter:label1\" content=\"Written by\" \/>\n\t<meta name=\"twitter:data1\" content=\"webwkl2228265563\" \/>\n\t<meta name=\"twitter:label2\" content=\"Estimated reading time\" \/>\n\t<meta name=\"twitter:data2\" content=\"3 minutes\" \/>\n<script type=\"application\/ld+json\" class=\"yoast-schema-graph\">{\"@context\":\"https:\/\/schema.org\",\"@graph\":[{\"@type\":\"WebPage\",\"@id\":\"https:\/\/wellenklaenge.at\/2023\/07\/12\/die-schuld-wurde-immer-bei-den-frauen-gefunden\/\",\"url\":\"https:\/\/wellenklaenge.at\/2023\/07\/12\/die-schuld-wurde-immer-bei-den-frauen-gefunden\/\",\"name\":\"Die Schuld wurde immer bei den Frauen gefunden - wellenklaenge\",\"isPartOf\":{\"@id\":\"https:\/\/wellenklaenge.at\/#website\"},\"datePublished\":\"2023-07-12T08:40:03+00:00\",\"dateModified\":\"2023-07-12T08:48:30+00:00\",\"author\":{\"@id\":\"https:\/\/wellenklaenge.at\/#\/schema\/person\/dc55486507e452648954ff9547dc80be\"},\"description\":\"wellenklaenge festival - Festival f\u00fcr zeitgen\u00f6ssische Str\u00f6mungen\",\"breadcrumb\":{\"@id\":\"https:\/\/wellenklaenge.at\/2023\/07\/12\/die-schuld-wurde-immer-bei-den-frauen-gefunden\/#breadcrumb\"},\"inLanguage\":\"en-GB\",\"potentialAction\":[{\"@type\":\"ReadAction\",\"target\":[\"https:\/\/wellenklaenge.at\/2023\/07\/12\/die-schuld-wurde-immer-bei-den-frauen-gefunden\/\"]}]},{\"@type\":\"BreadcrumbList\",\"@id\":\"https:\/\/wellenklaenge.at\/2023\/07\/12\/die-schuld-wurde-immer-bei-den-frauen-gefunden\/#breadcrumb\",\"itemListElement\":[{\"@type\":\"ListItem\",\"position\":1,\"name\":\"Startseite\",\"item\":\"https:\/\/wellenklaenge.at\/\"},{\"@type\":\"ListItem\",\"position\":2,\"name\":\"Die Schuld wurde immer bei den Frauen gefunden\"}]},{\"@type\":\"WebSite\",\"@id\":\"https:\/\/wellenklaenge.at\/#website\",\"url\":\"https:\/\/wellenklaenge.at\/\",\"name\":\"wellenklaenge\",\"description\":\"Festival f\u00fcr zeitgen\u00f6ssische Str\u00f6mungen\",\"potentialAction\":[{\"@type\":\"SearchAction\",\"target\":{\"@type\":\"EntryPoint\",\"urlTemplate\":\"https:\/\/wellenklaenge.at\/?s={search_term_string}\"},\"query-input\":\"required name=search_term_string\"}],\"inLanguage\":\"en-GB\"},{\"@type\":\"Person\",\"@id\":\"https:\/\/wellenklaenge.at\/#\/schema\/person\/dc55486507e452648954ff9547dc80be\",\"name\":\"webwkl2228265563\",\"image\":{\"@type\":\"ImageObject\",\"inLanguage\":\"en-GB\",\"@id\":\"https:\/\/wellenklaenge.at\/#\/schema\/person\/image\/\",\"url\":\"https:\/\/secure.gravatar.com\/avatar\/7a08289d36f0fdead7b057408791be59?s=96&d=mm&r=g\",\"contentUrl\":\"https:\/\/secure.gravatar.com\/avatar\/7a08289d36f0fdead7b057408791be59?s=96&d=mm&r=g\",\"caption\":\"webwkl2228265563\"},\"url\":\"https:\/\/wellenklaenge.at\/en\/author\/webwkl2228265563\/\"}]}<\/script>\n<!-- \/ Yoast SEO plugin. -->","yoast_head_json":{"title":"Die Schuld wurde immer bei den Frauen gefunden - wellenklaenge","description":"wellenklaenge festival - Festival f\u00fcr zeitgen\u00f6ssische Str\u00f6mungen","robots":{"index":"index","follow":"follow","max-snippet":"max-snippet:-1","max-image-preview":"max-image-preview:large","max-video-preview":"max-video-preview:-1"},"canonical":"https:\/\/wellenklaenge.at\/en\/2023\/07\/12\/die-schuld-wurde-immer-bei-den-frauen-gefunden\/","og_locale":"en_GB","og_type":"article","og_title":"Die Schuld wurde immer bei den Frauen gefunden - wellenklaenge","og_description":"wellenklaenge festival - Festival f\u00fcr zeitgen\u00f6ssische Str\u00f6mungen","og_url":"https:\/\/wellenklaenge.at\/en\/2023\/07\/12\/die-schuld-wurde-immer-bei-den-frauen-gefunden\/","og_site_name":"wellenklaenge","article_published_time":"2023-07-12T08:40:03+00:00","article_modified_time":"2023-07-12T08:48:30+00:00","og_image":[{"width":400,"height":426,"url":"https:\/\/wellenklaenge.at\/wp-content\/uploads\/2023\/07\/elodiegrethen_Kremayr-Scheriau-small.jpg","type":"image\/jpeg"}],"author":"webwkl2228265563","twitter_card":"summary_large_image","twitter_misc":{"Written by":"webwkl2228265563","Estimated reading time":"3 minutes"},"schema":{"@context":"https:\/\/schema.org","@graph":[{"@type":"WebPage","@id":"https:\/\/wellenklaenge.at\/2023\/07\/12\/die-schuld-wurde-immer-bei-den-frauen-gefunden\/","url":"https:\/\/wellenklaenge.at\/2023\/07\/12\/die-schuld-wurde-immer-bei-den-frauen-gefunden\/","name":"Die Schuld wurde immer bei den Frauen gefunden - wellenklaenge","isPartOf":{"@id":"https:\/\/wellenklaenge.at\/#website"},"datePublished":"2023-07-12T08:40:03+00:00","dateModified":"2023-07-12T08:48:30+00:00","author":{"@id":"https:\/\/wellenklaenge.at\/#\/schema\/person\/dc55486507e452648954ff9547dc80be"},"description":"wellenklaenge festival - Festival f\u00fcr zeitgen\u00f6ssische Str\u00f6mungen","breadcrumb":{"@id":"https:\/\/wellenklaenge.at\/2023\/07\/12\/die-schuld-wurde-immer-bei-den-frauen-gefunden\/#breadcrumb"},"inLanguage":"en-GB","potentialAction":[{"@type":"ReadAction","target":["https:\/\/wellenklaenge.at\/2023\/07\/12\/die-schuld-wurde-immer-bei-den-frauen-gefunden\/"]}]},{"@type":"BreadcrumbList","@id":"https:\/\/wellenklaenge.at\/2023\/07\/12\/die-schuld-wurde-immer-bei-den-frauen-gefunden\/#breadcrumb","itemListElement":[{"@type":"ListItem","position":1,"name":"Startseite","item":"https:\/\/wellenklaenge.at\/"},{"@type":"ListItem","position":2,"name":"Die Schuld wurde immer bei den Frauen gefunden"}]},{"@type":"WebSite","@id":"https:\/\/wellenklaenge.at\/#website","url":"https:\/\/wellenklaenge.at\/","name":"wellenklaenge","description":"Festival f\u00fcr zeitgen\u00f6ssische Str\u00f6mungen","potentialAction":[{"@type":"SearchAction","target":{"@type":"EntryPoint","urlTemplate":"https:\/\/wellenklaenge.at\/?s={search_term_string}"},"query-input":"required name=search_term_string"}],"inLanguage":"en-GB"},{"@type":"Person","@id":"https:\/\/wellenklaenge.at\/#\/schema\/person\/dc55486507e452648954ff9547dc80be","name":"webwkl2228265563","image":{"@type":"ImageObject","inLanguage":"en-GB","@id":"https:\/\/wellenklaenge.at\/#\/schema\/person\/image\/","url":"https:\/\/secure.gravatar.com\/avatar\/7a08289d36f0fdead7b057408791be59?s=96&d=mm&r=g","contentUrl":"https:\/\/secure.gravatar.com\/avatar\/7a08289d36f0fdead7b057408791be59?s=96&d=mm&r=g","caption":"webwkl2228265563"},"url":"https:\/\/wellenklaenge.at\/en\/author\/webwkl2228265563\/"}]}},"_links":{"self":[{"href":"https:\/\/wellenklaenge.at\/en\/wp-json\/wp\/v2\/posts\/9007","targetHints":{"allow":["GET"]}}],"collection":[{"href":"https:\/\/wellenklaenge.at\/en\/wp-json\/wp\/v2\/posts"}],"about":[{"href":"https:\/\/wellenklaenge.at\/en\/wp-json\/wp\/v2\/types\/post"}],"author":[{"embeddable":true,"href":"https:\/\/wellenklaenge.at\/en\/wp-json\/wp\/v2\/users\/1"}],"replies":[{"embeddable":true,"href":"https:\/\/wellenklaenge.at\/en\/wp-json\/wp\/v2\/comments?post=9007"}],"version-history":[{"count":3,"href":"https:\/\/wellenklaenge.at\/en\/wp-json\/wp\/v2\/posts\/9007\/revisions"}],"predecessor-version":[{"id":9012,"href":"https:\/\/wellenklaenge.at\/en\/wp-json\/wp\/v2\/posts\/9007\/revisions\/9012"}],"wp:featuredmedia":[{"embeddable":true,"href":"https:\/\/wellenklaenge.at\/en\/wp-json\/wp\/v2\/media\/9011"}],"wp:attachment":[{"href":"https:\/\/wellenklaenge.at\/en\/wp-json\/wp\/v2\/media?parent=9007"}],"wp:term":[{"taxonomy":"category","embeddable":true,"href":"https:\/\/wellenklaenge.at\/en\/wp-json\/wp\/v2\/categories?post=9007"},{"taxonomy":"post_tag","embeddable":true,"href":"https:\/\/wellenklaenge.at\/en\/wp-json\/wp\/v2\/tags?post=9007"},{"taxonomy":"post_folder","embeddable":true,"href":"https:\/\/wellenklaenge.at\/en\/wp-json\/wp\/v2\/post_folder?post=9007"}],"curies":[{"name":"wp","href":"https:\/\/api.w.org\/{rel}","templated":true}]}}