{"id":6392,"date":"2022-07-27T21:52:01","date_gmt":"2022-07-27T19:52:01","guid":{"rendered":"https:\/\/wellenklaenge.at\/?p=6392"},"modified":"2023-02-06T21:00:32","modified_gmt":"2023-02-06T20:00:32","slug":"ich-waehle-liebe-als-antwort","status":"publish","type":"post","link":"https:\/\/wellenklaenge.at\/en\/2022\/07\/27\/ich-waehle-liebe-als-antwort\/","title":{"rendered":"\u201eIch w\u00e4hle Liebe als Antwort\u201c"},"content":{"rendered":"<p><em>F\u00fcr Tonica Hunter ist Liebe die richtige Antwort auf die Widrigkeiten des Lebens. Auch wenn ihr das nicht immer leichtf\u00e4llt. Die selbstst\u00e4ndige Kuratorin hat Schwierigkeiten mit dem Begriff \u201eunfair\u201c und ist davon \u00fcberzeugt, dass Kunst einen wichtigen Teil dazu beitragen kann, dass die Welt etwas gerechter wird.<\/em><\/p>\n<p><strong>Tonica Hunter \u00fcber\u2026<\/strong><\/p>\n<p><strong>\u2026sich selbst als mutige Person:<\/strong><\/p>\n<p>In meinen t\u00e4glichen Begegnungen mit der Welt muss ich mutig sein. Ich muss mutig genug sein, um in Betracht zu ziehen \u2013 auch wenn ich die Absurdit\u00e4t dessen nicht ergr\u00fcnden kann \u2013 dass ich (oder zumindest mein Aussehen, meine Sexualit\u00e4t, meine Herkunft oder \u00e4hnliches) wahrgenommen und mit Hass, Angst und Ignoranz konfrontiert werden k\u00f6nnte. Ich muss mich dann jedes Mal \u2013 und angesichts dieser Widrigkeiten \u2013 entscheiden, mutig zu sein und Liebe als Antwort, Liebe als Heilmittel und Liebe als widerhallenden Widerstand zu w\u00e4hlen.<\/p>\n<p>&nbsp;<\/p>\n<p><strong>\u2026Gerechtigkeit in der Gesellschaft:<\/strong><\/p>\n<p>F\u00fcr mich pers\u00f6nlich geht es bei Gerechtigkeit darum, das Gleichgewicht in einem derzeit unausgeglichenen System wiederherzustellen. Wie wir einander als Menschen sehen und behandeln, und wie dies auch die Erde, auf der wir leben, positiv beeinflussen kann.<\/p>\n<p><strong>\u2026das Wort \u201eunfair\u201c:<\/strong><\/p>\n<p>In einer Realit\u00e4t, in der der eigenen Existenz ein geringerer oder gr\u00f6\u00dferer Wert als einem \u201eanderen\u201c beigemessen wird, erscheint das Konzept \u201eunfair\u201c h\u00f6chst euphemistisch. Denn es ist die eigentliche Basis und das \u00dcbel unseres gegenw\u00e4rtigen gesellschaftlichen Dilemmas.<\/p>\n<p><strong>\u2026Gerechtigkeit durch Kunst:<\/strong><\/p>\n<p>Kunst hat eine immense Kraft, uns zu beeinflussen. Aber sie hat auch ein enormes Potenzial, transformativ zu sein, was ein wesentlicher Bestandteil der Wiederherstellung und Neuausrichtung der Gerechtigkeit ist. Am wichtigsten ist meiner Meinung nach, dass Kunst die F\u00e4higkeit hat, uns in einer bereits stark gespal<\/p>","protected":false},"excerpt":{"rendered":"<p>F\u00fcr Tonica Hunter ist Liebe die richtige Antwort auf die Widrigkeiten des Lebens. Auch wenn ihr das nicht immer leichtf\u00e4llt. Die selbstst\u00e4ndige Kuratorin hat Schwierigkeiten mit dem Begriff \u201eunfair\u201c und ist davon \u00fcberzeugt, dass Kunst einen wichtigen Teil dazu beitragen kann, dass die Welt etwas gerechter wird.<\/p>","protected":false},"author":1,"featured_media":2189,"comment_status":"closed","ping_status":"closed","sticky":false,"template":"elementor_theme","format":"standard","meta":{"inline_featured_image":false,"footnotes":""},"categories":[1,53],"tags":[54,55],"post_folder":[],"class_list":["post-6392","post","type-post","status-publish","format-standard","has-post-thumbnail","hentry","category-allgemein","category-geschichten-die-wellen-schlagen","tag-geschichten","tag-news"],"yoast_head":"<!-- This site is optimized with the Yoast SEO plugin v20.1 - https:\/\/yoast.com\/wordpress\/plugins\/seo\/ -->\n<title>\u201eIch w\u00e4hle Liebe als Antwort\u201c - wellenklaenge<\/title>\n<meta name=\"description\" content=\"wellenklaenge festival - Festival f\u00fcr zeitgen\u00f6ssische Str\u00f6mungen\" \/>\n<meta name=\"robots\" content=\"index, follow, max-snippet:-1, max-image-preview:large, max-video-preview:-1\" \/>\n<link rel=\"canonical\" href=\"https:\/\/wellenklaenge.at\/en\/2022\/07\/27\/ich-waehle-liebe-als-antwort\/\" \/>\n<meta property=\"og:locale\" content=\"en_GB\" \/>\n<meta property=\"og:type\" content=\"article\" \/>\n<meta property=\"og:title\" content=\"\u201eIch w\u00e4hle Liebe als Antwort\u201c - wellenklaenge\" \/>\n<meta property=\"og:description\" content=\"wellenklaenge festival - Festival f\u00fcr zeitgen\u00f6ssische Str\u00f6mungen\" \/>\n<meta property=\"og:url\" content=\"https:\/\/wellenklaenge.at\/en\/2022\/07\/27\/ich-waehle-liebe-als-antwort\/\" \/>\n<meta property=\"og:site_name\" content=\"wellenklaenge\" \/>\n<meta property=\"article:published_time\" content=\"2022-07-27T19:52:01+00:00\" \/>\n<meta property=\"article:modified_time\" content=\"2023-02-06T20:00:32+00:00\" \/>\n<meta property=\"og:image\" content=\"https:\/\/wellenklaenge.at\/wp-content\/uploads\/2022\/02\/Hunter.jpg\" \/>\n\t<meta property=\"og:image:width\" content=\"1920\" \/>\n\t<meta property=\"og:image:height\" content=\"1080\" \/>\n\t<meta property=\"og:image:type\" content=\"image\/jpeg\" \/>\n<meta name=\"author\" content=\"webwkl2228265563\" \/>\n<meta name=\"twitter:card\" content=\"summary_large_image\" \/>\n<meta name=\"twitter:label1\" content=\"Written by\" \/>\n\t<meta name=\"twitter:data1\" content=\"webwkl2228265563\" \/>\n\t<meta name=\"twitter:label2\" content=\"Estimated reading time\" \/>\n\t<meta name=\"twitter:data2\" content=\"2 minutes\" \/>\n<script type=\"application\/ld+json\" class=\"yoast-schema-graph\">{\"@context\":\"https:\/\/schema.org\",\"@graph\":[{\"@type\":\"WebPage\",\"@id\":\"https:\/\/wellenklaenge.at\/2022\/07\/27\/ich-waehle-liebe-als-antwort\/\",\"url\":\"https:\/\/wellenklaenge.at\/2022\/07\/27\/ich-waehle-liebe-als-antwort\/\",\"name\":\"\u201eIch w\u00e4hle Liebe als Antwort\u201c - wellenklaenge\",\"isPartOf\":{\"@id\":\"https:\/\/wellenklaenge.at\/#website\"},\"datePublished\":\"2022-07-27T19:52:01+00:00\",\"dateModified\":\"2023-02-06T20:00:32+00:00\",\"author\":{\"@id\":\"https:\/\/wellenklaenge.at\/#\/schema\/person\/dc55486507e452648954ff9547dc80be\"},\"description\":\"wellenklaenge festival - Festival f\u00fcr zeitgen\u00f6ssische Str\u00f6mungen\",\"breadcrumb\":{\"@id\":\"https:\/\/wellenklaenge.at\/2022\/07\/27\/ich-waehle-liebe-als-antwort\/#breadcrumb\"},\"inLanguage\":\"en-GB\",\"potentialAction\":[{\"@type\":\"ReadAction\",\"target\":[\"https:\/\/wellenklaenge.at\/2022\/07\/27\/ich-waehle-liebe-als-antwort\/\"]}]},{\"@type\":\"BreadcrumbList\",\"@id\":\"https:\/\/wellenklaenge.at\/2022\/07\/27\/ich-waehle-liebe-als-antwort\/#breadcrumb\",\"itemListElement\":[{\"@type\":\"ListItem\",\"position\":1,\"name\":\"Startseite\",\"item\":\"https:\/\/wellenklaenge.at\/\"},{\"@type\":\"ListItem\",\"position\":2,\"name\":\"\u201eIch w\u00e4hle Liebe als Antwort\u201c\"}]},{\"@type\":\"WebSite\",\"@id\":\"https:\/\/wellenklaenge.at\/#website\",\"url\":\"https:\/\/wellenklaenge.at\/\",\"name\":\"wellenklaenge\",\"description\":\"Festival f\u00fcr zeitgen\u00f6ssische Str\u00f6mungen\",\"potentialAction\":[{\"@type\":\"SearchAction\",\"target\":{\"@type\":\"EntryPoint\",\"urlTemplate\":\"https:\/\/wellenklaenge.at\/?s={search_term_string}\"},\"query-input\":\"required name=search_term_string\"}],\"inLanguage\":\"en-GB\"},{\"@type\":\"Person\",\"@id\":\"https:\/\/wellenklaenge.at\/#\/schema\/person\/dc55486507e452648954ff9547dc80be\",\"name\":\"webwkl2228265563\",\"image\":{\"@type\":\"ImageObject\",\"inLanguage\":\"en-GB\",\"@id\":\"https:\/\/wellenklaenge.at\/#\/schema\/person\/image\/\",\"url\":\"https:\/\/secure.gravatar.com\/avatar\/7a08289d36f0fdead7b057408791be59?s=96&d=mm&r=g\",\"contentUrl\":\"https:\/\/secure.gravatar.com\/avatar\/7a08289d36f0fdead7b057408791be59?s=96&d=mm&r=g\",\"caption\":\"webwkl2228265563\"},\"url\":\"https:\/\/wellenklaenge.at\/en\/author\/webwkl2228265563\/\"}]}<\/script>\n<!-- \/ Yoast SEO plugin. -->","yoast_head_json":{"title":"\u201eIch w\u00e4hle Liebe als Antwort\u201c - wellenklaenge","description":"wellenklaenge festival - Festival f\u00fcr zeitgen\u00f6ssische Str\u00f6mungen","robots":{"index":"index","follow":"follow","max-snippet":"max-snippet:-1","max-image-preview":"max-image-preview:large","max-video-preview":"max-video-preview:-1"},"canonical":"https:\/\/wellenklaenge.at\/en\/2022\/07\/27\/ich-waehle-liebe-als-antwort\/","og_locale":"en_GB","og_type":"article","og_title":"\u201eIch w\u00e4hle Liebe als Antwort\u201c - wellenklaenge","og_description":"wellenklaenge festival - Festival f\u00fcr zeitgen\u00f6ssische Str\u00f6mungen","og_url":"https:\/\/wellenklaenge.at\/en\/2022\/07\/27\/ich-waehle-liebe-als-antwort\/","og_site_name":"wellenklaenge","article_published_time":"2022-07-27T19:52:01+00:00","article_modified_time":"2023-02-06T20:00:32+00:00","og_image":[{"width":1920,"height":1080,"url":"https:\/\/wellenklaenge.at\/wp-content\/uploads\/2022\/02\/Hunter.jpg","type":"image\/jpeg"}],"author":"webwkl2228265563","twitter_card":"summary_large_image","twitter_misc":{"Written by":"webwkl2228265563","Estimated reading time":"2 minutes"},"schema":{"@context":"https:\/\/schema.org","@graph":[{"@type":"WebPage","@id":"https:\/\/wellenklaenge.at\/2022\/07\/27\/ich-waehle-liebe-als-antwort\/","url":"https:\/\/wellenklaenge.at\/2022\/07\/27\/ich-waehle-liebe-als-antwort\/","name":"\u201eIch w\u00e4hle Liebe als Antwort\u201c - wellenklaenge","isPartOf":{"@id":"https:\/\/wellenklaenge.at\/#website"},"datePublished":"2022-07-27T19:52:01+00:00","dateModified":"2023-02-06T20:00:32+00:00","author":{"@id":"https:\/\/wellenklaenge.at\/#\/schema\/person\/dc55486507e452648954ff9547dc80be"},"description":"wellenklaenge festival - Festival f\u00fcr zeitgen\u00f6ssische Str\u00f6mungen","breadcrumb":{"@id":"https:\/\/wellenklaenge.at\/2022\/07\/27\/ich-waehle-liebe-als-antwort\/#breadcrumb"},"inLanguage":"en-GB","potentialAction":[{"@type":"ReadAction","target":["https:\/\/wellenklaenge.at\/2022\/07\/27\/ich-waehle-liebe-als-antwort\/"]}]},{"@type":"BreadcrumbList","@id":"https:\/\/wellenklaenge.at\/2022\/07\/27\/ich-waehle-liebe-als-antwort\/#breadcrumb","itemListElement":[{"@type":"ListItem","position":1,"name":"Startseite","item":"https:\/\/wellenklaenge.at\/"},{"@type":"ListItem","position":2,"name":"\u201eIch w\u00e4hle Liebe als Antwort\u201c"}]},{"@type":"WebSite","@id":"https:\/\/wellenklaenge.at\/#website","url":"https:\/\/wellenklaenge.at\/","name":"wellenklaenge","description":"Festival f\u00fcr zeitgen\u00f6ssische Str\u00f6mungen","potentialAction":[{"@type":"SearchAction","target":{"@type":"EntryPoint","urlTemplate":"https:\/\/wellenklaenge.at\/?s={search_term_string}"},"query-input":"required name=search_term_string"}],"inLanguage":"en-GB"},{"@type":"Person","@id":"https:\/\/wellenklaenge.at\/#\/schema\/person\/dc55486507e452648954ff9547dc80be","name":"webwkl2228265563","image":{"@type":"ImageObject","inLanguage":"en-GB","@id":"https:\/\/wellenklaenge.at\/#\/schema\/person\/image\/","url":"https:\/\/secure.gravatar.com\/avatar\/7a08289d36f0fdead7b057408791be59?s=96&d=mm&r=g","contentUrl":"https:\/\/secure.gravatar.com\/avatar\/7a08289d36f0fdead7b057408791be59?s=96&d=mm&r=g","caption":"webwkl2228265563"},"url":"https:\/\/wellenklaenge.at\/en\/author\/webwkl2228265563\/"}]}},"_links":{"self":[{"href":"https:\/\/wellenklaenge.at\/en\/wp-json\/wp\/v2\/posts\/6392","targetHints":{"allow":["GET"]}}],"collection":[{"href":"https:\/\/wellenklaenge.at\/en\/wp-json\/wp\/v2\/posts"}],"about":[{"href":"https:\/\/wellenklaenge.at\/en\/wp-json\/wp\/v2\/types\/post"}],"author":[{"embeddable":true,"href":"https:\/\/wellenklaenge.at\/en\/wp-json\/wp\/v2\/users\/1"}],"replies":[{"embeddable":true,"href":"https:\/\/wellenklaenge.at\/en\/wp-json\/wp\/v2\/comments?post=6392"}],"version-history":[{"count":2,"href":"https:\/\/wellenklaenge.at\/en\/wp-json\/wp\/v2\/posts\/6392\/revisions"}],"predecessor-version":[{"id":6394,"href":"https:\/\/wellenklaenge.at\/en\/wp-json\/wp\/v2\/posts\/6392\/revisions\/6394"}],"wp:featuredmedia":[{"embeddable":true,"href":"https:\/\/wellenklaenge.at\/en\/wp-json\/wp\/v2\/media\/2189"}],"wp:attachment":[{"href":"https:\/\/wellenklaenge.at\/en\/wp-json\/wp\/v2\/media?parent=6392"}],"wp:term":[{"taxonomy":"category","embeddable":true,"href":"https:\/\/wellenklaenge.at\/en\/wp-json\/wp\/v2\/categories?post=6392"},{"taxonomy":"post_tag","embeddable":true,"href":"https:\/\/wellenklaenge.at\/en\/wp-json\/wp\/v2\/tags?post=6392"},{"taxonomy":"post_folder","embeddable":true,"href":"https:\/\/wellenklaenge.at\/en\/wp-json\/wp\/v2\/post_folder?post=6392"}],"curies":[{"name":"wp","href":"https:\/\/api.w.org\/{rel}","templated":true}]}}