{"id":4944,"date":"2022-05-24T12:16:52","date_gmt":"2022-05-24T10:16:52","guid":{"rendered":"https:\/\/wellenklaenge.at\/?p=4944"},"modified":"2022-05-30T09:47:38","modified_gmt":"2022-05-30T07:47:38","slug":"composerperformer-musiclababschlusskonzert","status":"publish","type":"post","link":"https:\/\/wellenklaenge.at\/en\/2022\/05\/24\/composerperformer-musiclababschlusskonzert\/","title":{"rendered":"Composer~Performer-Musiclab~Abschlusskonzert"},"content":{"rendered":"<p>Wer es &#8211; so wie wir &#8211; schon nicht mehr erwarten kann, endlich wieder\u00a0wellenklaenge\u00a0Spirit zu schnuppern, der sei herzlichst zu diesem Event eingeladen!\u00a0<span class=\"c-emoji c-emoji__medium c-emoji--inline\" data-qa=\"emoji\" data-sk=\"tooltip_parent\"><img decoding=\"async\" src=\"https:\/\/a.slack-edge.com\/production-standard-emoji-assets\/13.0\/google-medium\/2665-fe0f.png\" alt=\":karten_herz:\" aria-label=\"karten herz-Emoji\" data-stringify-type=\"emoji\" data-stringify-emoji=\":hearts:\" \/><\/span><\/p>\n<p>~~~~~~~~~~~~<br \/>\nComposer~Performer-Musiclab~Abschlusskonzert<br \/>\n\/\/ 18\/06\/22, SOHO Studios Ottakring<br \/>\nLiebknechtgasse 32, 1160 Wien<br \/>\nBeginn: 19:00 Uhr<br \/>\n~~~~~~~~~~~~<\/p>\n<p>Dieses Konzert in den SOHO Studios in Ottakring gibt Einblicke in den St\u00fcckentwicklungsprozess neun kreativer K\u00f6pfe, deren gemeinsame Reise vor genau einem Jahr im Rahmen des CPM-Lab Workshops des wellenkl\u00e6nge Festivals begonnen und sich in Begleitung der Referent*innen Ang\u00e9lica Castell\u00f3 (Blockfl\u00f6te, elektronische Musik), David Six (Klavier, Komposition) und Simon Z\u00f6chbauer (Trompete, Improvisation) \u00fcber ein gesamtes Jahr erstreckt hat.<br \/>\nEin Jahr, in dem viele k\u00fcnstlerische T\u00fcren ge\u00f6ffnet, Kreationswege vertieft, F\u00e4higkeiten der Musiker*innen angesto\u00dfen und gef\u00f6rdert, aber auch \u00fcber die eigene Pers\u00f6nlichkeit hinausgegangen wurde. Die Kraft des transformativen Charakters der Kreativit\u00e4t, die sich innerhalb der Gruppe entfaltet, spiegelt sich in jeder einzelnen Urauff\u00fchrung des Abends wider, ob Solo-Performance oder Ensemblest\u00fcck.<br \/>\nAuf der B\u00fchne zu sehen sind Instrumentalist*innen, Improvisator*innen, Elektroakustiker*innen und Komponist*innen, die auf ihre ganz eigene Art den Zugang zur Musik gefunden haben und diesen in Form eigens komponierter Werke mit dem Publikum teilen wollen.<\/p>\n<p>&nbsp;<\/p>\n<p>LINE UP<br \/>\nClara Donat \/\/ Saxophon<br \/>\nLeonhard Gaigg \/\/ Klarinette, Elektroakustik<br \/>\nFlorian Helperstorfer \/\/ Akkordeon, Stimme<br \/>\nViktoria Hofmarcher \/\/ Klarinette<br \/>\nMia Legenstein \/\/ Elektroakustik<br \/>\nAlexandra Martinetz \/\/ Bass, Gitarre, Stimme<br \/>\nMichael Romes \/\/ Alt-Saxophon<br \/>\nFranz Rager \/\/ Klarinette, Elektroakustik<br \/>\nMax Zaloudek \/\/ Gitarre, Stimme<br \/>\nAng\u00e9lica Castell\u00f3 \/\/ Blockfl\u00f6te, Elektroakustik<br \/>\nDavid Six \/\/ Klavier, Stimme<br \/>\nSimon Z\u00f6chbauer \/\/ Trompete<\/p>\n<p>&nbsp;<\/p>\n<div class=\"c-message_kit__gutter\">\n<div class=\"c-message_kit__gutter__right\" role=\"presentation\" data-qa=\"message_content\">\n<div class=\"c-message_kit__blocks c-message_kit__blocks--rich_text\">\n<div class=\"c-message__message_blocks c-message__message_blocks--rich_text\" data-qa=\"message-text\">\n<div class=\"p-block_kit_renderer\" data-qa=\"block-kit-renderer\">\n<div class=\"p-block_kit_renderer__block_wrapper p-block_kit_renderer__block_wrapper--first\">\n<div class=\"p-rich_text_block\" dir=\"auto\">\n<div class=\"p-rich_text_section\"><strong>Anmeldung unter\u00a0<a class=\"c-link\" tabindex=\"-1\" href=\"http:\/\/wellenklaenge.at\/composer-performer-music-lab\/abschlusskonzert\/\" target=\"_blank\" rel=\"noopener noreferrer\" data-stringify-link=\"http:\/\/wellenklaenge.at\/composer-performer-music-lab\/abschlusskonzert\/\" data-sk=\"tooltip_parent\" data-remove-tab-index=\"true\">wellenklaenge.at\/composer-performer-music-lab\/abschlusskonzert\/<\/a><\/strong><\/div>\n<\/div>\n<\/div>\n<\/div>\n<\/div>\n<\/div>\n<\/div>\n<\/div>\n<div class=\"c-message_actions__container c-message__actions\" role=\"group\">\n<div class=\"c-message_actions__group\" role=\"group\" aria-label=\"Nachrichten-Aktionen\" data-qa=\"message-actions\"><\/div>\n<\/div>","protected":false},"excerpt":{"rendered":"<p>Wer es &#8211; so wie wir &#8211; schon nicht mehr erwarten kann, endlich wieder\u00a0wellenklaenge\u00a0Spirit zu schnuppern, der sei herzlichst zu diesem Event eingeladen!\u00a0<\/p>","protected":false},"author":1,"featured_media":4945,"comment_status":"closed","ping_status":"closed","sticky":false,"template":"","format":"standard","meta":{"inline_featured_image":false,"footnotes":""},"categories":[1],"tags":[55],"post_folder":[],"class_list":["post-4944","post","type-post","status-publish","format-standard","has-post-thumbnail","hentry","category-allgemein","tag-news"],"yoast_head":"<!-- This site is optimized with the Yoast SEO plugin v20.1 - https:\/\/yoast.com\/wordpress\/plugins\/seo\/ -->\n<title>Composer~Performer-Musiclab~Abschlusskonzert - wellenklaenge<\/title>\n<meta name=\"description\" content=\"wellenklaenge festival - Festival f\u00fcr zeitgen\u00f6ssische Str\u00f6mungen\" \/>\n<meta name=\"robots\" content=\"index, follow, max-snippet:-1, max-image-preview:large, max-video-preview:-1\" \/>\n<link rel=\"canonical\" href=\"https:\/\/wellenklaenge.at\/en\/2022\/05\/24\/composerperformer-musiclababschlusskonzert\/\" \/>\n<meta property=\"og:locale\" content=\"en_GB\" \/>\n<meta property=\"og:type\" content=\"article\" \/>\n<meta property=\"og:title\" content=\"Composer~Performer-Musiclab~Abschlusskonzert - wellenklaenge\" \/>\n<meta property=\"og:description\" content=\"wellenklaenge festival - Festival f\u00fcr zeitgen\u00f6ssische Str\u00f6mungen\" \/>\n<meta property=\"og:url\" content=\"https:\/\/wellenklaenge.at\/en\/2022\/05\/24\/composerperformer-musiclababschlusskonzert\/\" \/>\n<meta property=\"og:site_name\" content=\"wellenklaenge\" \/>\n<meta property=\"article:published_time\" content=\"2022-05-24T10:16:52+00:00\" \/>\n<meta property=\"article:modified_time\" content=\"2022-05-30T07:47:38+00:00\" \/>\n<meta property=\"og:image\" content=\"https:\/\/wellenklaenge.at\/wp-content\/uploads\/2022\/05\/CPM_2.jpg\" \/>\n\t<meta property=\"og:image:width\" content=\"1200\" \/>\n\t<meta property=\"og:image:height\" content=\"628\" \/>\n\t<meta property=\"og:image:type\" content=\"image\/jpeg\" \/>\n<meta name=\"author\" content=\"webwkl2228265563\" \/>\n<meta name=\"twitter:card\" content=\"summary_large_image\" \/>\n<meta name=\"twitter:label1\" content=\"Written by\" \/>\n\t<meta name=\"twitter:data1\" content=\"webwkl2228265563\" \/>\n\t<meta name=\"twitter:label2\" content=\"Estimated reading time\" \/>\n\t<meta name=\"twitter:data2\" content=\"2 minutes\" \/>\n<script type=\"application\/ld+json\" class=\"yoast-schema-graph\">{\"@context\":\"https:\/\/schema.org\",\"@graph\":[{\"@type\":\"WebPage\",\"@id\":\"https:\/\/wellenklaenge.at\/2022\/05\/24\/composerperformer-musiclababschlusskonzert\/\",\"url\":\"https:\/\/wellenklaenge.at\/2022\/05\/24\/composerperformer-musiclababschlusskonzert\/\",\"name\":\"Composer~Performer-Musiclab~Abschlusskonzert - wellenklaenge\",\"isPartOf\":{\"@id\":\"https:\/\/wellenklaenge.at\/#website\"},\"datePublished\":\"2022-05-24T10:16:52+00:00\",\"dateModified\":\"2022-05-30T07:47:38+00:00\",\"author\":{\"@id\":\"https:\/\/wellenklaenge.at\/#\/schema\/person\/dc55486507e452648954ff9547dc80be\"},\"description\":\"wellenklaenge festival - Festival f\u00fcr zeitgen\u00f6ssische Str\u00f6mungen\",\"breadcrumb\":{\"@id\":\"https:\/\/wellenklaenge.at\/2022\/05\/24\/composerperformer-musiclababschlusskonzert\/#breadcrumb\"},\"inLanguage\":\"en-GB\",\"potentialAction\":[{\"@type\":\"ReadAction\",\"target\":[\"https:\/\/wellenklaenge.at\/2022\/05\/24\/composerperformer-musiclababschlusskonzert\/\"]}]},{\"@type\":\"BreadcrumbList\",\"@id\":\"https:\/\/wellenklaenge.at\/2022\/05\/24\/composerperformer-musiclababschlusskonzert\/#breadcrumb\",\"itemListElement\":[{\"@type\":\"ListItem\",\"position\":1,\"name\":\"Startseite\",\"item\":\"https:\/\/wellenklaenge.at\/\"},{\"@type\":\"ListItem\",\"position\":2,\"name\":\"Composer~Performer-Musiclab~Abschlusskonzert\"}]},{\"@type\":\"WebSite\",\"@id\":\"https:\/\/wellenklaenge.at\/#website\",\"url\":\"https:\/\/wellenklaenge.at\/\",\"name\":\"wellenklaenge\",\"description\":\"Festival f\u00fcr zeitgen\u00f6ssische Str\u00f6mungen\",\"potentialAction\":[{\"@type\":\"SearchAction\",\"target\":{\"@type\":\"EntryPoint\",\"urlTemplate\":\"https:\/\/wellenklaenge.at\/?s={search_term_string}\"},\"query-input\":\"required name=search_term_string\"}],\"inLanguage\":\"en-GB\"},{\"@type\":\"Person\",\"@id\":\"https:\/\/wellenklaenge.at\/#\/schema\/person\/dc55486507e452648954ff9547dc80be\",\"name\":\"webwkl2228265563\",\"image\":{\"@type\":\"ImageObject\",\"inLanguage\":\"en-GB\",\"@id\":\"https:\/\/wellenklaenge.at\/#\/schema\/person\/image\/\",\"url\":\"https:\/\/secure.gravatar.com\/avatar\/7a08289d36f0fdead7b057408791be59?s=96&d=mm&r=g\",\"contentUrl\":\"https:\/\/secure.gravatar.com\/avatar\/7a08289d36f0fdead7b057408791be59?s=96&d=mm&r=g\",\"caption\":\"webwkl2228265563\"},\"url\":\"https:\/\/wellenklaenge.at\/en\/author\/webwkl2228265563\/\"}]}<\/script>\n<!-- \/ Yoast SEO plugin. -->","yoast_head_json":{"title":"Composer~Performer-Musiclab~Abschlusskonzert - wellenklaenge","description":"wellenklaenge festival - Festival f\u00fcr zeitgen\u00f6ssische Str\u00f6mungen","robots":{"index":"index","follow":"follow","max-snippet":"max-snippet:-1","max-image-preview":"max-image-preview:large","max-video-preview":"max-video-preview:-1"},"canonical":"https:\/\/wellenklaenge.at\/en\/2022\/05\/24\/composerperformer-musiclababschlusskonzert\/","og_locale":"en_GB","og_type":"article","og_title":"Composer~Performer-Musiclab~Abschlusskonzert - wellenklaenge","og_description":"wellenklaenge festival - Festival f\u00fcr zeitgen\u00f6ssische Str\u00f6mungen","og_url":"https:\/\/wellenklaenge.at\/en\/2022\/05\/24\/composerperformer-musiclababschlusskonzert\/","og_site_name":"wellenklaenge","article_published_time":"2022-05-24T10:16:52+00:00","article_modified_time":"2022-05-30T07:47:38+00:00","og_image":[{"width":1200,"height":628,"url":"https:\/\/wellenklaenge.at\/wp-content\/uploads\/2022\/05\/CPM_2.jpg","type":"image\/jpeg"}],"author":"webwkl2228265563","twitter_card":"summary_large_image","twitter_misc":{"Written by":"webwkl2228265563","Estimated reading time":"2 minutes"},"schema":{"@context":"https:\/\/schema.org","@graph":[{"@type":"WebPage","@id":"https:\/\/wellenklaenge.at\/2022\/05\/24\/composerperformer-musiclababschlusskonzert\/","url":"https:\/\/wellenklaenge.at\/2022\/05\/24\/composerperformer-musiclababschlusskonzert\/","name":"Composer~Performer-Musiclab~Abschlusskonzert - wellenklaenge","isPartOf":{"@id":"https:\/\/wellenklaenge.at\/#website"},"datePublished":"2022-05-24T10:16:52+00:00","dateModified":"2022-05-30T07:47:38+00:00","author":{"@id":"https:\/\/wellenklaenge.at\/#\/schema\/person\/dc55486507e452648954ff9547dc80be"},"description":"wellenklaenge festival - Festival f\u00fcr zeitgen\u00f6ssische Str\u00f6mungen","breadcrumb":{"@id":"https:\/\/wellenklaenge.at\/2022\/05\/24\/composerperformer-musiclababschlusskonzert\/#breadcrumb"},"inLanguage":"en-GB","potentialAction":[{"@type":"ReadAction","target":["https:\/\/wellenklaenge.at\/2022\/05\/24\/composerperformer-musiclababschlusskonzert\/"]}]},{"@type":"BreadcrumbList","@id":"https:\/\/wellenklaenge.at\/2022\/05\/24\/composerperformer-musiclababschlusskonzert\/#breadcrumb","itemListElement":[{"@type":"ListItem","position":1,"name":"Startseite","item":"https:\/\/wellenklaenge.at\/"},{"@type":"ListItem","position":2,"name":"Composer~Performer-Musiclab~Abschlusskonzert"}]},{"@type":"WebSite","@id":"https:\/\/wellenklaenge.at\/#website","url":"https:\/\/wellenklaenge.at\/","name":"wellenklaenge","description":"Festival f\u00fcr zeitgen\u00f6ssische Str\u00f6mungen","potentialAction":[{"@type":"SearchAction","target":{"@type":"EntryPoint","urlTemplate":"https:\/\/wellenklaenge.at\/?s={search_term_string}"},"query-input":"required name=search_term_string"}],"inLanguage":"en-GB"},{"@type":"Person","@id":"https:\/\/wellenklaenge.at\/#\/schema\/person\/dc55486507e452648954ff9547dc80be","name":"webwkl2228265563","image":{"@type":"ImageObject","inLanguage":"en-GB","@id":"https:\/\/wellenklaenge.at\/#\/schema\/person\/image\/","url":"https:\/\/secure.gravatar.com\/avatar\/7a08289d36f0fdead7b057408791be59?s=96&d=mm&r=g","contentUrl":"https:\/\/secure.gravatar.com\/avatar\/7a08289d36f0fdead7b057408791be59?s=96&d=mm&r=g","caption":"webwkl2228265563"},"url":"https:\/\/wellenklaenge.at\/en\/author\/webwkl2228265563\/"}]}},"_links":{"self":[{"href":"https:\/\/wellenklaenge.at\/en\/wp-json\/wp\/v2\/posts\/4944","targetHints":{"allow":["GET"]}}],"collection":[{"href":"https:\/\/wellenklaenge.at\/en\/wp-json\/wp\/v2\/posts"}],"about":[{"href":"https:\/\/wellenklaenge.at\/en\/wp-json\/wp\/v2\/types\/post"}],"author":[{"embeddable":true,"href":"https:\/\/wellenklaenge.at\/en\/wp-json\/wp\/v2\/users\/1"}],"replies":[{"embeddable":true,"href":"https:\/\/wellenklaenge.at\/en\/wp-json\/wp\/v2\/comments?post=4944"}],"version-history":[{"count":5,"href":"https:\/\/wellenklaenge.at\/en\/wp-json\/wp\/v2\/posts\/4944\/revisions"}],"predecessor-version":[{"id":4950,"href":"https:\/\/wellenklaenge.at\/en\/wp-json\/wp\/v2\/posts\/4944\/revisions\/4950"}],"wp:featuredmedia":[{"embeddable":true,"href":"https:\/\/wellenklaenge.at\/en\/wp-json\/wp\/v2\/media\/4945"}],"wp:attachment":[{"href":"https:\/\/wellenklaenge.at\/en\/wp-json\/wp\/v2\/media?parent=4944"}],"wp:term":[{"taxonomy":"category","embeddable":true,"href":"https:\/\/wellenklaenge.at\/en\/wp-json\/wp\/v2\/categories?post=4944"},{"taxonomy":"post_tag","embeddable":true,"href":"https:\/\/wellenklaenge.at\/en\/wp-json\/wp\/v2\/tags?post=4944"},{"taxonomy":"post_folder","embeddable":true,"href":"https:\/\/wellenklaenge.at\/en\/wp-json\/wp\/v2\/post_folder?post=4944"}],"curies":[{"name":"wp","href":"https:\/\/api.w.org\/{rel}","templated":true}]}}