{"id":2774,"date":"2021-08-01T15:56:12","date_gmt":"2021-08-01T13:56:12","guid":{"rendered":"https:\/\/wellenklaenge.at\/?p=2774"},"modified":"2022-05-30T09:38:25","modified_gmt":"2022-05-30T07:38:25","slug":"von-entfaltung-ueberforderung-und-dem-tod","status":"publish","type":"post","link":"https:\/\/wellenklaenge.at\/en\/2021\/08\/01\/von-entfaltung-ueberforderung-und-dem-tod\/","title":{"rendered":"Von Entfaltung, \u00dcberforderung und dem Tod"},"content":{"rendered":"<p><span style=\"font-family: radikal-light; font-size: 14pt;\">Bekannt wurde Matthias Strolz als Politiker mit gro\u00dfer Energie. Seine spirituelle Ader hat er dabei eher zur\u00fcckgehalten. Mittlerweile sieht er sich als G\u00e4rtner des Lebens und will anderen bei ihrer Entfaltung helfen. Im Interview spricht er \u00fcber die Stimme des Herzens, \u00dcberforderung und unseren verlogenen Umgang mit dem Tod.<\/span><\/p>\n<p>&nbsp;<\/p>\n<p><em><span style=\"font-family: radikal-light;\">Matthias Strolz \u00fcber \u2026<\/span><\/em><\/p>\n<p><em><span style=\"font-family: radikal-light;\">\u2026 das zentrale Thema seines beruflichen Tuns.<\/span><\/em><br \/>\n<span style=\"font-family: radikal-light;\">Ich glaube, das Leben ist vor allem eine gro\u00dfe Einladung zur Entfaltung. Deshalb ist mir das Thema Bildung so wichtig, deshalb liebe ich es, Vater von drei Kindern zu sein, obwohl das immer eine Grenzerfahrung und leichte \u00dcberforderung ist. Ich sehe mich als G\u00e4rtner des Lebens, und als solcher begleite ich andere in ihrer Entfaltung, egal ob es Organisationen sind oder Einzelpersonen, egal ob als Start-up-Unternehmer, als Coach oder als Autor.<\/span><\/p>\n<p><span style=\"font-family: radikal-light;\"><em>\u2026 die Frage, wie Entfaltung gelingen kann.<\/em><\/span><br \/>\n<span style=\"font-family: radikal-light;\">Entfaltung ist ein Prozess, der dann besonders gelingt, wenn ich die Stimme meines Herzen wahrnehme. Wenn ein Mensch wirklich in einen Flow kommt, dann ist er mehr als ein fleischliches Wesen, dann kippt er aus Raum und Zeit. Das ist eine Ebene, die sich naturwissenschaftlich nicht beschreiben l\u00e4sst. Der Mensch ist mehr als sein Hirn. Das Hirn ist gro\u00dfartig, aber es braucht auch das Herz und den Bauch.<\/span><\/p>\n<p><span style=\"font-family: radikal-light;\"><em>\u2026 die Gefahr der \u00dcberforderung durch immer schnellere Entwicklungen und das Streben nach Optimierung.<\/em><\/span><br \/>\n<span style=\"font-family: radikal-light;\">Nehmen wir das klassische Beispiel der Smartphones und der Digitalisierung: Nat\u00fcrlich werden wir bald erkannt haben, dass dieser enorme Konsum uns krank macht. Deshalb brauchen wir andere Skills f\u00fcr unsere Kinder und d\u00fcrfen diese nicht nur mit Fachwissen abf\u00fcllen. Resilienz, Kommunikation, Selbstf\u00fchrung, kritisches Denken \u2013 all diese Skills sind \u00fcberlebensnotwendig. Wenn sie diese nicht haben, werden sie von der Reiz\u00fcberflutung an die Wand geklatscht und fallen mit einer Depression herunter. Aber wir entwickeln uns ja rasend schnell. Wenn du heute einen Typen von 1932 einkaufen schickst, der verzettelt sich schon beim Klopapier aufgrund der Flut an M\u00f6glichkeiten.<\/span><\/p>\n<p><span style=\"font-family: radikal-light;\"><em>\u2026 den Umgang mit dem Tod.<\/em><\/span><br \/>\n<span style=\"font-family: radikal-light;\">In vielen Kinderzimmern werden Games gespielt und wird gemordet auf Teufel komm raus, in jedem Wohnzimmer wird am Bildschirm hundertfach erschossen \u2013 der Tod ist omnipr\u00e4sent. Aber wenn eine echte Leiche da ist, muss sie sofort aus dem Blickfeld. Dass man einen Leichnam beispielsweise nicht mehr aufbahren darf, halte ich f\u00fcr einen groben Verlust an Ehrfurcht und Kultur. Und f\u00fcr unendlich verlogen. Solche Themen interessieren mich, weil man etwas wachr\u00fctteln kann und selbst etwas lernen.<\/span><\/p>\n<p><span style=\"font-family: radikal-light;\"><em>\u2026 die Frage, warum wir den Tod und das Sterben so aus unserem Alltag verdr\u00e4ngen.<\/em><\/span><br \/>\n<span style=\"font-family: radikal-light;\">Das Leben ist eine st\u00e4ndige Jagd nach Intensit\u00e4t, und dabei kann man eines nicht brauchen: den Tod. Der ist das Ende der Jagd. Wenn wir ihn in den Fokus stellen, w\u00fcrde dies die ganze Jagd in Frage stellen. Deshalb m\u00fcssen wir ihn aus dem Blick nehmen. Auch der Neoliberalismus und die obsessive Marktwirtschaft haben Interesse daran, den Tod auszublenden, um die Menschen noch mehr ins Konsumieren zu locken. Es ist eine kulturgeschichtliche Entwicklung, dass der Tod einfach nicht mehr so ins Konzept passt.<\/span><\/p>","protected":false},"excerpt":{"rendered":"<p>Bekannt wurde Matthias Strolz als Politiker mit gro\u00dfer Energie. Seine spirituelle Ader hat er dabei eher zur\u00fcckgehalten. Mittlerweile sieht er sich als G\u00e4rtner des Lebens und will anderen bei ihrer Entfaltung helfen. Im Interview spricht er \u00fcber die Stimme des Herzens, \u00dcberforderung und unseren verlogenen Umgang mit dem Tod.<\/p>","protected":false},"author":1,"featured_media":2775,"comment_status":"closed","ping_status":"closed","sticky":false,"template":"","format":"standard","meta":{"inline_featured_image":false,"footnotes":""},"categories":[1],"tags":[54],"post_folder":[],"class_list":["post-2774","post","type-post","status-publish","format-standard","has-post-thumbnail","hentry","category-allgemein","tag-geschichten"],"yoast_head":"<!-- This site is optimized with the Yoast SEO plugin v20.1 - https:\/\/yoast.com\/wordpress\/plugins\/seo\/ -->\n<title>Von Entfaltung, \u00dcberforderung und dem Tod - wellenklaenge<\/title>\n<meta name=\"description\" content=\"wellenklaenge festival - Festival f\u00fcr zeitgen\u00f6ssische Str\u00f6mungen\" \/>\n<meta name=\"robots\" content=\"index, follow, max-snippet:-1, max-image-preview:large, max-video-preview:-1\" \/>\n<link rel=\"canonical\" href=\"https:\/\/wellenklaenge.at\/en\/2021\/08\/01\/von-entfaltung-ueberforderung-und-dem-tod\/\" \/>\n<meta property=\"og:locale\" content=\"en_GB\" \/>\n<meta property=\"og:type\" content=\"article\" \/>\n<meta property=\"og:title\" content=\"Von Entfaltung, \u00dcberforderung und dem Tod - wellenklaenge\" \/>\n<meta property=\"og:description\" content=\"wellenklaenge festival - Festival f\u00fcr zeitgen\u00f6ssische Str\u00f6mungen\" \/>\n<meta property=\"og:url\" content=\"https:\/\/wellenklaenge.at\/en\/2021\/08\/01\/von-entfaltung-ueberforderung-und-dem-tod\/\" \/>\n<meta property=\"og:site_name\" content=\"wellenklaenge\" \/>\n<meta property=\"article:published_time\" content=\"2021-08-01T13:56:12+00:00\" \/>\n<meta property=\"article:modified_time\" content=\"2022-05-30T07:38:25+00:00\" \/>\n<meta property=\"og:image\" content=\"https:\/\/wellenklaenge.at\/wp-content\/uploads\/2022\/02\/matthias-strolz-1170x658-1.jpeg\" \/>\n\t<meta property=\"og:image:width\" content=\"1170\" \/>\n\t<meta property=\"og:image:height\" content=\"658\" \/>\n\t<meta property=\"og:image:type\" content=\"image\/jpeg\" \/>\n<meta name=\"author\" content=\"webwkl2228265563\" \/>\n<meta name=\"twitter:card\" content=\"summary_large_image\" \/>\n<meta name=\"twitter:label1\" content=\"Written by\" \/>\n\t<meta name=\"twitter:data1\" content=\"webwkl2228265563\" \/>\n\t<meta name=\"twitter:label2\" content=\"Estimated reading time\" \/>\n\t<meta name=\"twitter:data2\" content=\"3 minutes\" \/>\n<script type=\"application\/ld+json\" class=\"yoast-schema-graph\">{\"@context\":\"https:\/\/schema.org\",\"@graph\":[{\"@type\":\"WebPage\",\"@id\":\"https:\/\/wellenklaenge.at\/2021\/08\/01\/von-entfaltung-ueberforderung-und-dem-tod\/\",\"url\":\"https:\/\/wellenklaenge.at\/2021\/08\/01\/von-entfaltung-ueberforderung-und-dem-tod\/\",\"name\":\"Von Entfaltung, \u00dcberforderung und dem Tod - wellenklaenge\",\"isPartOf\":{\"@id\":\"https:\/\/wellenklaenge.at\/#website\"},\"datePublished\":\"2021-08-01T13:56:12+00:00\",\"dateModified\":\"2022-05-30T07:38:25+00:00\",\"author\":{\"@id\":\"https:\/\/wellenklaenge.at\/#\/schema\/person\/dc55486507e452648954ff9547dc80be\"},\"description\":\"wellenklaenge festival - Festival f\u00fcr zeitgen\u00f6ssische Str\u00f6mungen\",\"breadcrumb\":{\"@id\":\"https:\/\/wellenklaenge.at\/2021\/08\/01\/von-entfaltung-ueberforderung-und-dem-tod\/#breadcrumb\"},\"inLanguage\":\"en-GB\",\"potentialAction\":[{\"@type\":\"ReadAction\",\"target\":[\"https:\/\/wellenklaenge.at\/2021\/08\/01\/von-entfaltung-ueberforderung-und-dem-tod\/\"]}]},{\"@type\":\"BreadcrumbList\",\"@id\":\"https:\/\/wellenklaenge.at\/2021\/08\/01\/von-entfaltung-ueberforderung-und-dem-tod\/#breadcrumb\",\"itemListElement\":[{\"@type\":\"ListItem\",\"position\":1,\"name\":\"Startseite\",\"item\":\"https:\/\/wellenklaenge.at\/\"},{\"@type\":\"ListItem\",\"position\":2,\"name\":\"Von Entfaltung, \u00dcberforderung und dem Tod\"}]},{\"@type\":\"WebSite\",\"@id\":\"https:\/\/wellenklaenge.at\/#website\",\"url\":\"https:\/\/wellenklaenge.at\/\",\"name\":\"wellenklaenge\",\"description\":\"Festival f\u00fcr zeitgen\u00f6ssische Str\u00f6mungen\",\"potentialAction\":[{\"@type\":\"SearchAction\",\"target\":{\"@type\":\"EntryPoint\",\"urlTemplate\":\"https:\/\/wellenklaenge.at\/?s={search_term_string}\"},\"query-input\":\"required name=search_term_string\"}],\"inLanguage\":\"en-GB\"},{\"@type\":\"Person\",\"@id\":\"https:\/\/wellenklaenge.at\/#\/schema\/person\/dc55486507e452648954ff9547dc80be\",\"name\":\"webwkl2228265563\",\"image\":{\"@type\":\"ImageObject\",\"inLanguage\":\"en-GB\",\"@id\":\"https:\/\/wellenklaenge.at\/#\/schema\/person\/image\/\",\"url\":\"https:\/\/secure.gravatar.com\/avatar\/7a08289d36f0fdead7b057408791be59?s=96&d=mm&r=g\",\"contentUrl\":\"https:\/\/secure.gravatar.com\/avatar\/7a08289d36f0fdead7b057408791be59?s=96&d=mm&r=g\",\"caption\":\"webwkl2228265563\"},\"url\":\"https:\/\/wellenklaenge.at\/en\/author\/webwkl2228265563\/\"}]}<\/script>\n<!-- \/ Yoast SEO plugin. -->","yoast_head_json":{"title":"Von Entfaltung, \u00dcberforderung und dem Tod - wellenklaenge","description":"wellenklaenge festival - Festival f\u00fcr zeitgen\u00f6ssische Str\u00f6mungen","robots":{"index":"index","follow":"follow","max-snippet":"max-snippet:-1","max-image-preview":"max-image-preview:large","max-video-preview":"max-video-preview:-1"},"canonical":"https:\/\/wellenklaenge.at\/en\/2021\/08\/01\/von-entfaltung-ueberforderung-und-dem-tod\/","og_locale":"en_GB","og_type":"article","og_title":"Von Entfaltung, \u00dcberforderung und dem Tod - wellenklaenge","og_description":"wellenklaenge festival - Festival f\u00fcr zeitgen\u00f6ssische Str\u00f6mungen","og_url":"https:\/\/wellenklaenge.at\/en\/2021\/08\/01\/von-entfaltung-ueberforderung-und-dem-tod\/","og_site_name":"wellenklaenge","article_published_time":"2021-08-01T13:56:12+00:00","article_modified_time":"2022-05-30T07:38:25+00:00","og_image":[{"width":1170,"height":658,"url":"https:\/\/wellenklaenge.at\/wp-content\/uploads\/2022\/02\/matthias-strolz-1170x658-1.jpeg","type":"image\/jpeg"}],"author":"webwkl2228265563","twitter_card":"summary_large_image","twitter_misc":{"Written by":"webwkl2228265563","Estimated reading time":"3 minutes"},"schema":{"@context":"https:\/\/schema.org","@graph":[{"@type":"WebPage","@id":"https:\/\/wellenklaenge.at\/2021\/08\/01\/von-entfaltung-ueberforderung-und-dem-tod\/","url":"https:\/\/wellenklaenge.at\/2021\/08\/01\/von-entfaltung-ueberforderung-und-dem-tod\/","name":"Von Entfaltung, \u00dcberforderung und dem Tod - wellenklaenge","isPartOf":{"@id":"https:\/\/wellenklaenge.at\/#website"},"datePublished":"2021-08-01T13:56:12+00:00","dateModified":"2022-05-30T07:38:25+00:00","author":{"@id":"https:\/\/wellenklaenge.at\/#\/schema\/person\/dc55486507e452648954ff9547dc80be"},"description":"wellenklaenge festival - Festival f\u00fcr zeitgen\u00f6ssische Str\u00f6mungen","breadcrumb":{"@id":"https:\/\/wellenklaenge.at\/2021\/08\/01\/von-entfaltung-ueberforderung-und-dem-tod\/#breadcrumb"},"inLanguage":"en-GB","potentialAction":[{"@type":"ReadAction","target":["https:\/\/wellenklaenge.at\/2021\/08\/01\/von-entfaltung-ueberforderung-und-dem-tod\/"]}]},{"@type":"BreadcrumbList","@id":"https:\/\/wellenklaenge.at\/2021\/08\/01\/von-entfaltung-ueberforderung-und-dem-tod\/#breadcrumb","itemListElement":[{"@type":"ListItem","position":1,"name":"Startseite","item":"https:\/\/wellenklaenge.at\/"},{"@type":"ListItem","position":2,"name":"Von Entfaltung, \u00dcberforderung und dem Tod"}]},{"@type":"WebSite","@id":"https:\/\/wellenklaenge.at\/#website","url":"https:\/\/wellenklaenge.at\/","name":"wellenklaenge","description":"Festival f\u00fcr zeitgen\u00f6ssische Str\u00f6mungen","potentialAction":[{"@type":"SearchAction","target":{"@type":"EntryPoint","urlTemplate":"https:\/\/wellenklaenge.at\/?s={search_term_string}"},"query-input":"required name=search_term_string"}],"inLanguage":"en-GB"},{"@type":"Person","@id":"https:\/\/wellenklaenge.at\/#\/schema\/person\/dc55486507e452648954ff9547dc80be","name":"webwkl2228265563","image":{"@type":"ImageObject","inLanguage":"en-GB","@id":"https:\/\/wellenklaenge.at\/#\/schema\/person\/image\/","url":"https:\/\/secure.gravatar.com\/avatar\/7a08289d36f0fdead7b057408791be59?s=96&d=mm&r=g","contentUrl":"https:\/\/secure.gravatar.com\/avatar\/7a08289d36f0fdead7b057408791be59?s=96&d=mm&r=g","caption":"webwkl2228265563"},"url":"https:\/\/wellenklaenge.at\/en\/author\/webwkl2228265563\/"}]}},"_links":{"self":[{"href":"https:\/\/wellenklaenge.at\/en\/wp-json\/wp\/v2\/posts\/2774","targetHints":{"allow":["GET"]}}],"collection":[{"href":"https:\/\/wellenklaenge.at\/en\/wp-json\/wp\/v2\/posts"}],"about":[{"href":"https:\/\/wellenklaenge.at\/en\/wp-json\/wp\/v2\/types\/post"}],"author":[{"embeddable":true,"href":"https:\/\/wellenklaenge.at\/en\/wp-json\/wp\/v2\/users\/1"}],"replies":[{"embeddable":true,"href":"https:\/\/wellenklaenge.at\/en\/wp-json\/wp\/v2\/comments?post=2774"}],"version-history":[{"count":3,"href":"https:\/\/wellenklaenge.at\/en\/wp-json\/wp\/v2\/posts\/2774\/revisions"}],"predecessor-version":[{"id":4354,"href":"https:\/\/wellenklaenge.at\/en\/wp-json\/wp\/v2\/posts\/2774\/revisions\/4354"}],"wp:featuredmedia":[{"embeddable":true,"href":"https:\/\/wellenklaenge.at\/en\/wp-json\/wp\/v2\/media\/2775"}],"wp:attachment":[{"href":"https:\/\/wellenklaenge.at\/en\/wp-json\/wp\/v2\/media?parent=2774"}],"wp:term":[{"taxonomy":"category","embeddable":true,"href":"https:\/\/wellenklaenge.at\/en\/wp-json\/wp\/v2\/categories?post=2774"},{"taxonomy":"post_tag","embeddable":true,"href":"https:\/\/wellenklaenge.at\/en\/wp-json\/wp\/v2\/tags?post=2774"},{"taxonomy":"post_folder","embeddable":true,"href":"https:\/\/wellenklaenge.at\/en\/wp-json\/wp\/v2\/post_folder?post=2774"}],"curies":[{"name":"wp","href":"https:\/\/api.w.org\/{rel}","templated":true}]}}