{"id":17658,"date":"2026-04-22T14:56:54","date_gmt":"2026-04-22T12:56:54","guid":{"rendered":"https:\/\/wellenklaenge.at\/?p=17658"},"modified":"2026-04-22T15:00:54","modified_gmt":"2026-04-22T13:00:54","slug":"unsere-welt-ist-schon-wunderlich-genug","status":"publish","type":"post","link":"https:\/\/wellenklaenge.at\/en\/2026\/04\/22\/unsere-welt-ist-schon-wunderlich-genug\/","title":{"rendered":"\u201eUnsere Welt ist schon wunderlich genug\u201c"},"content":{"rendered":"<p><span style=\"font-family: radikal-light;\"><strong>Die \u00f6sterreichische Autorin Marlen Mairhofer begegnet einfachen Zuschreibungen von Begriffen wie \u201eEmpathie\u201c oder Widerstand\u201c mit Skepsis und Sprache an sich mit gro\u00dfer Sensibilit\u00e4t. Im Interview spricht sie \u00fcber Widerstand als ambivalente Praxis, die Unm\u00f6glichkeit des Geschichtenerz\u00e4hlens und dar\u00fcber, warum Literatur f\u00fcr sie vor allem eines ist: ein Arbeiten an der Sprache.<\/strong><\/span><\/p>\n<p><span style=\"font-family: radikal-light;\"><strong>\u2026 Empathie und Widerstand:<\/strong><\/span><br \/>\n<span style=\"font-family: radikal-light;\">Ich habe den Eindruck, dass Empathie gerade in Verruf ger\u00e4t, w\u00e4hrend Empathielosigkeit als St\u00e4rke inszeniert wird. Eine Entwicklung, der man etwas entgegensetzen sollte. Gleichzeitig sind beide Begriffe f\u00fcr mich ambivalent: Empathie kann auch \u00fcbergriffig sein, Widerstand belastend und widerspr\u00fcchlich.<\/span><\/p>\n<p><span style=\"font-family: radikal-light;\"><strong>\u2026 Schreiben als Beobachtung:<\/strong><\/span><br \/>\n<span style=\"font-family: radikal-light;\">Ich verstehe literarisches Schreiben weder als Verstehen noch als Widersprechen. Mich interessieren das genaue Beobachten und der Versuch, etwas, das mich besch\u00e4ftigt, in Sprache zu fassen.<\/span><\/p>\n<p><span style=\"font-family: radikal-light;\"><strong>\u2026 die Rolle von Sprache:<\/strong><\/span><br \/>\n<span style=\"font-family: radikal-light;\">Im Zentrum meiner Arbeit steht nicht das Erz\u00e4hlen, sondern die Sprache selbst. \u00dcber sie n\u00e4here ich mich der Welt an, gleichzeitig leistet sie mir Widerstand.<\/span><\/p>\n<p><span style=\"font-family: radikal-light;\"><strong>\u2026 Empathie im Schreiben:<\/strong><\/span><br \/>\n<span style=\"font-family: radikal-light;\">Mit dem Gedanken, mich in andere hineinzuversetzen, bin ich vorsichtig. Mich interessiert eher, wie ich N\u00e4he und Distanz austariere.<\/span><\/p>\n<p><span style=\"font-family: radikal-light;\"><strong>\u2026 Ambivalenz als Aufgabe der Literatur:<\/strong><\/span><br \/>\n<span style=\"font-family: radikal-light;\">Ich glaube, Literatur kann R\u00e4ume schaffen, in denen Ambivalenz m\u00f6glich bleibt. Gerade jetzt halte ich das f\u00fcr sehr wichtig. Auch wenn ich vorsichtig bin, Literatur etwas vorzuschreiben.<\/span><\/p>\n<p><span style=\"font-family: radikal-light;\"><strong>\u2026 digitale Gegenwart im Text:<\/strong><\/span><br \/>\n<span style=\"font-family: radikal-light;\">Digitale Gegenwart spielt in meinen Texten kaum eine Rolle. Nicht aus Prinzip, sondern weil sie mich literarisch wenig interessiert und ich sie oft als einengend erlebe.<\/span><\/p>\n<p><span style=\"font-family: radikal-light;\"><strong>\u2026 Aufgaben der Literatur:<\/strong><\/span><br \/>\n<span style=\"font-family: radikal-light;\">Ich verfolge keine Agenda. Wenn ich gegen etwas anschreibe, dann vielleicht gegen Unaufmerksamkeit.<\/span><\/p>\n<p><span style=\"font-family: radikal-light;\"><strong>\u2026 Schreiben im Detail:<\/strong><\/span><br \/>\n<span style=\"font-family: radikal-light;\">Im Lektorat merke ich besonders stark, worauf es in meinem Text ankommt, und worauf nicht. Oft sind es ganz kleine Dinge: ein Beistrich oder ein \u201eund\u201c.<\/span><\/p>","protected":false},"excerpt":{"rendered":"<p>Die \u00f6sterreichische Autorin Marlen Mairhofer begegnet einfachen Zuschreibungen von Begriffen wie \u201eEmpathie\u201c oder Widerstand\u201c mit Skepsis und Sprache an sich mit gro\u00dfer Sensibilit\u00e4t. Im Interview spricht sie \u00fcber Widerstand als ambivalente Praxis, die Unm\u00f6glichkeit des Geschichtenerz\u00e4hlens und dar\u00fcber, warum Literatur f\u00fcr sie vor allem eines ist: ein Arbeiten an der Sprache.<\/p>","protected":false},"author":1,"featured_media":17662,"comment_status":"closed","ping_status":"closed","sticky":false,"template":"elementor_theme","format":"standard","meta":{"inline_featured_image":false,"footnotes":""},"categories":[1,53],"tags":[54],"post_folder":[],"class_list":["post-17658","post","type-post","status-publish","format-standard","has-post-thumbnail","hentry","category-allgemein","category-geschichten-die-wellen-schlagen","tag-geschichten"],"yoast_head":"<!-- This site is optimized with the Yoast SEO plugin v20.1 - https:\/\/yoast.com\/wordpress\/plugins\/seo\/ -->\n<title>\u201eUnsere Welt ist schon wunderlich genug\u201c - wellenklaenge<\/title>\n<meta name=\"description\" content=\"wellenklaenge festival - Festival f\u00fcr zeitgen\u00f6ssische Str\u00f6mungen\" \/>\n<meta name=\"robots\" content=\"index, follow, max-snippet:-1, max-image-preview:large, max-video-preview:-1\" \/>\n<link rel=\"canonical\" href=\"https:\/\/wellenklaenge.at\/en\/2026\/04\/22\/unsere-welt-ist-schon-wunderlich-genug\/\" \/>\n<meta property=\"og:locale\" content=\"en_GB\" \/>\n<meta property=\"og:type\" content=\"article\" \/>\n<meta property=\"og:title\" content=\"\u201eUnsere Welt ist schon wunderlich genug\u201c - wellenklaenge\" \/>\n<meta property=\"og:description\" content=\"wellenklaenge festival - Festival f\u00fcr zeitgen\u00f6ssische Str\u00f6mungen\" \/>\n<meta property=\"og:url\" content=\"https:\/\/wellenklaenge.at\/en\/2026\/04\/22\/unsere-welt-ist-schon-wunderlich-genug\/\" \/>\n<meta property=\"og:site_name\" content=\"wellenklaenge\" \/>\n<meta property=\"article:published_time\" content=\"2026-04-22T12:56:54+00:00\" \/>\n<meta property=\"article:modified_time\" content=\"2026-04-22T13:00:54+00:00\" \/>\n<meta property=\"og:image\" content=\"https:\/\/wellenklaenge.at\/wp-content\/uploads\/2026\/04\/Marlen-Mairhofer-_P1A7486_\u00a9-Zoe-Goldstein.jpg\" \/>\n\t<meta property=\"og:image:width\" content=\"800\" \/>\n\t<meta property=\"og:image:height\" content=\"1200\" \/>\n\t<meta property=\"og:image:type\" content=\"image\/jpeg\" \/>\n<meta name=\"author\" content=\"webwkl2228265563\" \/>\n<meta name=\"twitter:card\" content=\"summary_large_image\" \/>\n<meta name=\"twitter:label1\" content=\"Written by\" \/>\n\t<meta name=\"twitter:data1\" content=\"webwkl2228265563\" \/>\n\t<meta name=\"twitter:label2\" content=\"Estimated reading time\" \/>\n\t<meta name=\"twitter:data2\" content=\"2 minutes\" \/>\n<script type=\"application\/ld+json\" class=\"yoast-schema-graph\">{\"@context\":\"https:\/\/schema.org\",\"@graph\":[{\"@type\":\"WebPage\",\"@id\":\"https:\/\/wellenklaenge.at\/2026\/04\/22\/unsere-welt-ist-schon-wunderlich-genug\/\",\"url\":\"https:\/\/wellenklaenge.at\/2026\/04\/22\/unsere-welt-ist-schon-wunderlich-genug\/\",\"name\":\"\u201eUnsere Welt ist schon wunderlich genug\u201c - wellenklaenge\",\"isPartOf\":{\"@id\":\"https:\/\/wellenklaenge.at\/#website\"},\"datePublished\":\"2026-04-22T12:56:54+00:00\",\"dateModified\":\"2026-04-22T13:00:54+00:00\",\"author\":{\"@id\":\"https:\/\/wellenklaenge.at\/#\/schema\/person\/dc55486507e452648954ff9547dc80be\"},\"description\":\"wellenklaenge festival - Festival f\u00fcr zeitgen\u00f6ssische Str\u00f6mungen\",\"breadcrumb\":{\"@id\":\"https:\/\/wellenklaenge.at\/2026\/04\/22\/unsere-welt-ist-schon-wunderlich-genug\/#breadcrumb\"},\"inLanguage\":\"en-GB\",\"potentialAction\":[{\"@type\":\"ReadAction\",\"target\":[\"https:\/\/wellenklaenge.at\/2026\/04\/22\/unsere-welt-ist-schon-wunderlich-genug\/\"]}]},{\"@type\":\"BreadcrumbList\",\"@id\":\"https:\/\/wellenklaenge.at\/2026\/04\/22\/unsere-welt-ist-schon-wunderlich-genug\/#breadcrumb\",\"itemListElement\":[{\"@type\":\"ListItem\",\"position\":1,\"name\":\"Startseite\",\"item\":\"https:\/\/wellenklaenge.at\/\"},{\"@type\":\"ListItem\",\"position\":2,\"name\":\"\u201eUnsere Welt ist schon wunderlich genug\u201c\"}]},{\"@type\":\"WebSite\",\"@id\":\"https:\/\/wellenklaenge.at\/#website\",\"url\":\"https:\/\/wellenklaenge.at\/\",\"name\":\"wellenklaenge\",\"description\":\"Festival f\u00fcr zeitgen\u00f6ssische Str\u00f6mungen\",\"potentialAction\":[{\"@type\":\"SearchAction\",\"target\":{\"@type\":\"EntryPoint\",\"urlTemplate\":\"https:\/\/wellenklaenge.at\/?s={search_term_string}\"},\"query-input\":\"required name=search_term_string\"}],\"inLanguage\":\"en-GB\"},{\"@type\":\"Person\",\"@id\":\"https:\/\/wellenklaenge.at\/#\/schema\/person\/dc55486507e452648954ff9547dc80be\",\"name\":\"webwkl2228265563\",\"image\":{\"@type\":\"ImageObject\",\"inLanguage\":\"en-GB\",\"@id\":\"https:\/\/wellenklaenge.at\/#\/schema\/person\/image\/\",\"url\":\"https:\/\/secure.gravatar.com\/avatar\/7a08289d36f0fdead7b057408791be59?s=96&d=mm&r=g\",\"contentUrl\":\"https:\/\/secure.gravatar.com\/avatar\/7a08289d36f0fdead7b057408791be59?s=96&d=mm&r=g\",\"caption\":\"webwkl2228265563\"},\"url\":\"https:\/\/wellenklaenge.at\/en\/author\/webwkl2228265563\/\"}]}<\/script>\n<!-- \/ Yoast SEO plugin. -->","yoast_head_json":{"title":"\u201eUnsere Welt ist schon wunderlich genug\u201c - wellenklaenge","description":"wellenklaenge festival - Festival f\u00fcr zeitgen\u00f6ssische Str\u00f6mungen","robots":{"index":"index","follow":"follow","max-snippet":"max-snippet:-1","max-image-preview":"max-image-preview:large","max-video-preview":"max-video-preview:-1"},"canonical":"https:\/\/wellenklaenge.at\/en\/2026\/04\/22\/unsere-welt-ist-schon-wunderlich-genug\/","og_locale":"en_GB","og_type":"article","og_title":"\u201eUnsere Welt ist schon wunderlich genug\u201c - wellenklaenge","og_description":"wellenklaenge festival - Festival f\u00fcr zeitgen\u00f6ssische Str\u00f6mungen","og_url":"https:\/\/wellenklaenge.at\/en\/2026\/04\/22\/unsere-welt-ist-schon-wunderlich-genug\/","og_site_name":"wellenklaenge","article_published_time":"2026-04-22T12:56:54+00:00","article_modified_time":"2026-04-22T13:00:54+00:00","og_image":[{"width":800,"height":1200,"url":"https:\/\/wellenklaenge.at\/wp-content\/uploads\/2026\/04\/Marlen-Mairhofer-_P1A7486_\u00a9-Zoe-Goldstein.jpg","type":"image\/jpeg"}],"author":"webwkl2228265563","twitter_card":"summary_large_image","twitter_misc":{"Written by":"webwkl2228265563","Estimated reading time":"2 minutes"},"schema":{"@context":"https:\/\/schema.org","@graph":[{"@type":"WebPage","@id":"https:\/\/wellenklaenge.at\/2026\/04\/22\/unsere-welt-ist-schon-wunderlich-genug\/","url":"https:\/\/wellenklaenge.at\/2026\/04\/22\/unsere-welt-ist-schon-wunderlich-genug\/","name":"\u201eUnsere Welt ist schon wunderlich genug\u201c - wellenklaenge","isPartOf":{"@id":"https:\/\/wellenklaenge.at\/#website"},"datePublished":"2026-04-22T12:56:54+00:00","dateModified":"2026-04-22T13:00:54+00:00","author":{"@id":"https:\/\/wellenklaenge.at\/#\/schema\/person\/dc55486507e452648954ff9547dc80be"},"description":"wellenklaenge festival - Festival f\u00fcr zeitgen\u00f6ssische Str\u00f6mungen","breadcrumb":{"@id":"https:\/\/wellenklaenge.at\/2026\/04\/22\/unsere-welt-ist-schon-wunderlich-genug\/#breadcrumb"},"inLanguage":"en-GB","potentialAction":[{"@type":"ReadAction","target":["https:\/\/wellenklaenge.at\/2026\/04\/22\/unsere-welt-ist-schon-wunderlich-genug\/"]}]},{"@type":"BreadcrumbList","@id":"https:\/\/wellenklaenge.at\/2026\/04\/22\/unsere-welt-ist-schon-wunderlich-genug\/#breadcrumb","itemListElement":[{"@type":"ListItem","position":1,"name":"Startseite","item":"https:\/\/wellenklaenge.at\/"},{"@type":"ListItem","position":2,"name":"\u201eUnsere Welt ist schon wunderlich genug\u201c"}]},{"@type":"WebSite","@id":"https:\/\/wellenklaenge.at\/#website","url":"https:\/\/wellenklaenge.at\/","name":"wellenklaenge","description":"Festival f\u00fcr zeitgen\u00f6ssische Str\u00f6mungen","potentialAction":[{"@type":"SearchAction","target":{"@type":"EntryPoint","urlTemplate":"https:\/\/wellenklaenge.at\/?s={search_term_string}"},"query-input":"required name=search_term_string"}],"inLanguage":"en-GB"},{"@type":"Person","@id":"https:\/\/wellenklaenge.at\/#\/schema\/person\/dc55486507e452648954ff9547dc80be","name":"webwkl2228265563","image":{"@type":"ImageObject","inLanguage":"en-GB","@id":"https:\/\/wellenklaenge.at\/#\/schema\/person\/image\/","url":"https:\/\/secure.gravatar.com\/avatar\/7a08289d36f0fdead7b057408791be59?s=96&d=mm&r=g","contentUrl":"https:\/\/secure.gravatar.com\/avatar\/7a08289d36f0fdead7b057408791be59?s=96&d=mm&r=g","caption":"webwkl2228265563"},"url":"https:\/\/wellenklaenge.at\/en\/author\/webwkl2228265563\/"}]}},"_links":{"self":[{"href":"https:\/\/wellenklaenge.at\/en\/wp-json\/wp\/v2\/posts\/17658","targetHints":{"allow":["GET"]}}],"collection":[{"href":"https:\/\/wellenklaenge.at\/en\/wp-json\/wp\/v2\/posts"}],"about":[{"href":"https:\/\/wellenklaenge.at\/en\/wp-json\/wp\/v2\/types\/post"}],"author":[{"embeddable":true,"href":"https:\/\/wellenklaenge.at\/en\/wp-json\/wp\/v2\/users\/1"}],"replies":[{"embeddable":true,"href":"https:\/\/wellenklaenge.at\/en\/wp-json\/wp\/v2\/comments?post=17658"}],"version-history":[{"count":1,"href":"https:\/\/wellenklaenge.at\/en\/wp-json\/wp\/v2\/posts\/17658\/revisions"}],"predecessor-version":[{"id":17659,"href":"https:\/\/wellenklaenge.at\/en\/wp-json\/wp\/v2\/posts\/17658\/revisions\/17659"}],"wp:featuredmedia":[{"embeddable":true,"href":"https:\/\/wellenklaenge.at\/en\/wp-json\/wp\/v2\/media\/17662"}],"wp:attachment":[{"href":"https:\/\/wellenklaenge.at\/en\/wp-json\/wp\/v2\/media?parent=17658"}],"wp:term":[{"taxonomy":"category","embeddable":true,"href":"https:\/\/wellenklaenge.at\/en\/wp-json\/wp\/v2\/categories?post=17658"},{"taxonomy":"post_tag","embeddable":true,"href":"https:\/\/wellenklaenge.at\/en\/wp-json\/wp\/v2\/tags?post=17658"},{"taxonomy":"post_folder","embeddable":true,"href":"https:\/\/wellenklaenge.at\/en\/wp-json\/wp\/v2\/post_folder?post=17658"}],"curies":[{"name":"wp","href":"https:\/\/api.w.org\/{rel}","templated":true}]}}