{"id":17476,"date":"2026-03-16T14:45:55","date_gmt":"2026-03-16T13:45:55","guid":{"rendered":"https:\/\/wellenklaenge.at\/?p=17476"},"modified":"2026-03-16T14:45:55","modified_gmt":"2026-03-16T13:45:55","slug":"empathie-ist-nicht-automatisch-gut","status":"publish","type":"post","link":"https:\/\/wellenklaenge.at\/en\/2026\/03\/16\/empathie-ist-nicht-automatisch-gut\/","title":{"rendered":"\u201eEmpathie ist nicht automatisch gut\u201c"},"content":{"rendered":"<p><span style=\"font-family: radikal-light;\"><strong><em>Sara Hassan ist Autor:in, Trainer:in und Speaker:in und arbeitet seit Jahren im Bereich der Themen Machtmissbrauch, Diskriminierung und strukturelle Gewalt mit Unternehmen, Organisationen und Vereinen. Im Interview geht es um die Gr\u00fcnde, warum Empathie ohne Widerstand zu kurz greift, wie Systeme Schweigen organisieren und weshalb echte Ver\u00e4nderung nur gemeinsam m\u00f6glich ist.<\/em><\/strong><\/span><\/p>\n<p><span style=\"font-family: radikal-light;\"><strong>Sara Hassan \u00fcber \u2026<\/strong><\/span><\/p>\n<p><span style=\"font-family: radikal-light;\"><strong>\u2026 Empathie und Widerstand:<\/strong><\/span><br \/>\n<span style=\"font-family: radikal-light;\">Empathie bedeutet f\u00fcr mich, Betroffenenperspektiven ernst zu nehmen und ins Zentrum zu stellen. Aber dabei darf es nicht bleiben: Ohne Widerstand ver\u00e4ndert sich nichts. Erst wenn Verstehen und Handeln zusammenkommen, entsteht Bewegung.<\/span><\/p>\n<p><span style=\"font-family: radikal-light;\"><strong>\u2026 die politische Dimension von Empathie:<\/strong><\/span><br \/>\n<span style=\"font-family: radikal-light;\">Empathie ist nicht privat oder neutral. Sie folgt Machtlinien: Wem glauben wir? Mit wem f\u00fchlen wir mit? Diese Entscheidungen pr\u00e4gen Organisationen, Karrieren und gesellschaftliche Ungleichheiten.<\/span><\/p>\n<p><span style=\"font-family: radikal-light;\"><strong>\u2026 warum Schweigen oft System hat:<\/strong><\/span><br \/>\n<span style=\"font-family: radikal-light;\">\u00dcbergriffe und Diskriminierung sind selten Einzelf\u00e4lle. Sie werden durch Strukturen erm\u00f6glicht, die Widerstand sanktionieren und Betroffene isolieren. Dass niemand einschreitet, ist oft Teil eines fein abgestimmten Systems.<\/span><\/p>\n<p><span style=\"font-family: radikal-light;\"><strong>\u2026 ihre Arbeit mit Organisationen:<\/strong><\/span><br \/>\n<span style=\"font-family: radikal-light;\">Ich werde meist gerufen, wenn es schon brennt. In Workshops schauen wir zur\u00fcck: Wo haben Grenz\u00fcberschreitungen begonnen? Welche scheinbar kleinen Momente haben das Problem aufgebaut? Zentral ist dabei immer die Perspektive der Betroffenen.<\/span><\/p>\n<p><span style=\"font-family: radikal-light;\"><strong>\u2026 Betroffene als \u201eSt\u00f6rer:innen\u201c:<\/strong><\/span><br \/>\n<span style=\"font-family: radikal-light;\">Ein h\u00e4ufiges Muster ist, dass sich der Fokus vom Problem auf die Person verschiebt, die es benennt. Betroffene gelten dann als spaltend oder \u00fcberempfindlich \u2013 so bleibt das System unangetastet.<\/span><\/p>\n<p><span style=\"font-family: radikal-light;\"><strong>\u2026 Hoffnung und Widerstand heute:<\/strong><\/span><br \/>\n<span style=\"font-family: radikal-light;\">Ich sehe immer \u00f6fter, dass sich Menschen zusammenschlie\u00dfen und Druck aufbauen. Diese kollektiven Momente zeigen: Widerstand ist m\u00f6glich \u2013 und er muss nicht heroisch sein, um wirksam zu werden.<\/span><\/p>\n<p><span style=\"font-family: radikal-light;\"><strong>\u2026 eine Botschaft an das Festivalpublikum:<\/strong><\/span><br \/>\n<span style=\"font-family: radikal-light;\">Es lohnt sich zu fragen: Wem schenken wir fast automatisch Empathie \u2013 und wem nie? Und wo w\u00e4re Widerstand eigentlich n\u00f6tig, auch wenn er unbequem ist? Genau dort beginnt Ver\u00e4nderung.<\/span><\/p>\n<p>&nbsp;<\/p>","protected":false},"excerpt":{"rendered":"<p>Sara Hassan ist Autor:in, Trainer:in und Speaker:in und arbeitet seit Jahren im Bereich der Themen Machtmissbrauch, Diskriminierung und strukturelle Gewalt mit Unternehmen, Organisationen und Vereinen. Im Interview geht es um die Gr\u00fcnde, warum Empathie ohne Widerstand zu kurz greift, wie Systeme Schweigen organisieren und weshalb echte Ver\u00e4nderung nur gemeinsam m\u00f6glich ist.<\/p>","protected":false},"author":1,"featured_media":17478,"comment_status":"closed","ping_status":"closed","sticky":false,"template":"elementor_theme","format":"standard","meta":{"inline_featured_image":false,"footnotes":""},"categories":[1,53],"tags":[54],"post_folder":[],"class_list":["post-17476","post","type-post","status-publish","format-standard","has-post-thumbnail","hentry","category-allgemein","category-geschichten-die-wellen-schlagen","tag-geschichten"],"yoast_head":"<!-- This site is optimized with the Yoast SEO plugin v20.1 - https:\/\/yoast.com\/wordpress\/plugins\/seo\/ -->\n<title>\u201eEmpathie ist nicht automatisch gut\u201c - wellenklaenge<\/title>\n<meta name=\"description\" content=\"wellenklaenge festival - Festival f\u00fcr zeitgen\u00f6ssische Str\u00f6mungen\" \/>\n<meta name=\"robots\" content=\"index, follow, max-snippet:-1, max-image-preview:large, max-video-preview:-1\" \/>\n<link rel=\"canonical\" href=\"https:\/\/wellenklaenge.at\/en\/2026\/03\/16\/empathie-ist-nicht-automatisch-gut\/\" \/>\n<meta property=\"og:locale\" content=\"en_GB\" \/>\n<meta property=\"og:type\" content=\"article\" \/>\n<meta property=\"og:title\" content=\"\u201eEmpathie ist nicht automatisch gut\u201c - wellenklaenge\" \/>\n<meta property=\"og:description\" content=\"wellenklaenge festival - Festival f\u00fcr zeitgen\u00f6ssische Str\u00f6mungen\" \/>\n<meta property=\"og:url\" content=\"https:\/\/wellenklaenge.at\/en\/2026\/03\/16\/empathie-ist-nicht-automatisch-gut\/\" \/>\n<meta property=\"og:site_name\" content=\"wellenklaenge\" \/>\n<meta property=\"article:published_time\" content=\"2026-03-16T13:45:55+00:00\" \/>\n<meta property=\"og:image\" content=\"https:\/\/wellenklaenge.at\/wp-content\/uploads\/2026\/03\/Sara-Hassan.jpg\" \/>\n\t<meta property=\"og:image:width\" content=\"1200\" \/>\n\t<meta property=\"og:image:height\" content=\"628\" \/>\n\t<meta property=\"og:image:type\" content=\"image\/jpeg\" \/>\n<meta name=\"author\" content=\"webwkl2228265563\" \/>\n<meta name=\"twitter:card\" content=\"summary_large_image\" \/>\n<meta name=\"twitter:label1\" content=\"Written by\" \/>\n\t<meta name=\"twitter:data1\" content=\"webwkl2228265563\" \/>\n\t<meta name=\"twitter:label2\" content=\"Estimated reading time\" \/>\n\t<meta name=\"twitter:data2\" content=\"2 minutes\" \/>\n<script type=\"application\/ld+json\" class=\"yoast-schema-graph\">{\"@context\":\"https:\/\/schema.org\",\"@graph\":[{\"@type\":\"WebPage\",\"@id\":\"https:\/\/wellenklaenge.at\/2026\/03\/16\/empathie-ist-nicht-automatisch-gut\/\",\"url\":\"https:\/\/wellenklaenge.at\/2026\/03\/16\/empathie-ist-nicht-automatisch-gut\/\",\"name\":\"\u201eEmpathie ist nicht automatisch gut\u201c - wellenklaenge\",\"isPartOf\":{\"@id\":\"https:\/\/wellenklaenge.at\/#website\"},\"datePublished\":\"2026-03-16T13:45:55+00:00\",\"dateModified\":\"2026-03-16T13:45:55+00:00\",\"author\":{\"@id\":\"https:\/\/wellenklaenge.at\/#\/schema\/person\/dc55486507e452648954ff9547dc80be\"},\"description\":\"wellenklaenge festival - Festival f\u00fcr zeitgen\u00f6ssische Str\u00f6mungen\",\"breadcrumb\":{\"@id\":\"https:\/\/wellenklaenge.at\/2026\/03\/16\/empathie-ist-nicht-automatisch-gut\/#breadcrumb\"},\"inLanguage\":\"en-GB\",\"potentialAction\":[{\"@type\":\"ReadAction\",\"target\":[\"https:\/\/wellenklaenge.at\/2026\/03\/16\/empathie-ist-nicht-automatisch-gut\/\"]}]},{\"@type\":\"BreadcrumbList\",\"@id\":\"https:\/\/wellenklaenge.at\/2026\/03\/16\/empathie-ist-nicht-automatisch-gut\/#breadcrumb\",\"itemListElement\":[{\"@type\":\"ListItem\",\"position\":1,\"name\":\"Startseite\",\"item\":\"https:\/\/wellenklaenge.at\/\"},{\"@type\":\"ListItem\",\"position\":2,\"name\":\"\u201eEmpathie ist nicht automatisch gut\u201c\"}]},{\"@type\":\"WebSite\",\"@id\":\"https:\/\/wellenklaenge.at\/#website\",\"url\":\"https:\/\/wellenklaenge.at\/\",\"name\":\"wellenklaenge\",\"description\":\"Festival f\u00fcr zeitgen\u00f6ssische Str\u00f6mungen\",\"potentialAction\":[{\"@type\":\"SearchAction\",\"target\":{\"@type\":\"EntryPoint\",\"urlTemplate\":\"https:\/\/wellenklaenge.at\/?s={search_term_string}\"},\"query-input\":\"required name=search_term_string\"}],\"inLanguage\":\"en-GB\"},{\"@type\":\"Person\",\"@id\":\"https:\/\/wellenklaenge.at\/#\/schema\/person\/dc55486507e452648954ff9547dc80be\",\"name\":\"webwkl2228265563\",\"image\":{\"@type\":\"ImageObject\",\"inLanguage\":\"en-GB\",\"@id\":\"https:\/\/wellenklaenge.at\/#\/schema\/person\/image\/\",\"url\":\"https:\/\/secure.gravatar.com\/avatar\/7a08289d36f0fdead7b057408791be59?s=96&d=mm&r=g\",\"contentUrl\":\"https:\/\/secure.gravatar.com\/avatar\/7a08289d36f0fdead7b057408791be59?s=96&d=mm&r=g\",\"caption\":\"webwkl2228265563\"},\"url\":\"https:\/\/wellenklaenge.at\/en\/author\/webwkl2228265563\/\"}]}<\/script>\n<!-- \/ Yoast SEO plugin. -->","yoast_head_json":{"title":"\u201eEmpathie ist nicht automatisch gut\u201c - wellenklaenge","description":"wellenklaenge festival - Festival f\u00fcr zeitgen\u00f6ssische Str\u00f6mungen","robots":{"index":"index","follow":"follow","max-snippet":"max-snippet:-1","max-image-preview":"max-image-preview:large","max-video-preview":"max-video-preview:-1"},"canonical":"https:\/\/wellenklaenge.at\/en\/2026\/03\/16\/empathie-ist-nicht-automatisch-gut\/","og_locale":"en_GB","og_type":"article","og_title":"\u201eEmpathie ist nicht automatisch gut\u201c - wellenklaenge","og_description":"wellenklaenge festival - Festival f\u00fcr zeitgen\u00f6ssische Str\u00f6mungen","og_url":"https:\/\/wellenklaenge.at\/en\/2026\/03\/16\/empathie-ist-nicht-automatisch-gut\/","og_site_name":"wellenklaenge","article_published_time":"2026-03-16T13:45:55+00:00","og_image":[{"width":1200,"height":628,"url":"https:\/\/wellenklaenge.at\/wp-content\/uploads\/2026\/03\/Sara-Hassan.jpg","type":"image\/jpeg"}],"author":"webwkl2228265563","twitter_card":"summary_large_image","twitter_misc":{"Written by":"webwkl2228265563","Estimated reading time":"2 minutes"},"schema":{"@context":"https:\/\/schema.org","@graph":[{"@type":"WebPage","@id":"https:\/\/wellenklaenge.at\/2026\/03\/16\/empathie-ist-nicht-automatisch-gut\/","url":"https:\/\/wellenklaenge.at\/2026\/03\/16\/empathie-ist-nicht-automatisch-gut\/","name":"\u201eEmpathie ist nicht automatisch gut\u201c - wellenklaenge","isPartOf":{"@id":"https:\/\/wellenklaenge.at\/#website"},"datePublished":"2026-03-16T13:45:55+00:00","dateModified":"2026-03-16T13:45:55+00:00","author":{"@id":"https:\/\/wellenklaenge.at\/#\/schema\/person\/dc55486507e452648954ff9547dc80be"},"description":"wellenklaenge festival - Festival f\u00fcr zeitgen\u00f6ssische Str\u00f6mungen","breadcrumb":{"@id":"https:\/\/wellenklaenge.at\/2026\/03\/16\/empathie-ist-nicht-automatisch-gut\/#breadcrumb"},"inLanguage":"en-GB","potentialAction":[{"@type":"ReadAction","target":["https:\/\/wellenklaenge.at\/2026\/03\/16\/empathie-ist-nicht-automatisch-gut\/"]}]},{"@type":"BreadcrumbList","@id":"https:\/\/wellenklaenge.at\/2026\/03\/16\/empathie-ist-nicht-automatisch-gut\/#breadcrumb","itemListElement":[{"@type":"ListItem","position":1,"name":"Startseite","item":"https:\/\/wellenklaenge.at\/"},{"@type":"ListItem","position":2,"name":"\u201eEmpathie ist nicht automatisch gut\u201c"}]},{"@type":"WebSite","@id":"https:\/\/wellenklaenge.at\/#website","url":"https:\/\/wellenklaenge.at\/","name":"wellenklaenge","description":"Festival f\u00fcr zeitgen\u00f6ssische Str\u00f6mungen","potentialAction":[{"@type":"SearchAction","target":{"@type":"EntryPoint","urlTemplate":"https:\/\/wellenklaenge.at\/?s={search_term_string}"},"query-input":"required name=search_term_string"}],"inLanguage":"en-GB"},{"@type":"Person","@id":"https:\/\/wellenklaenge.at\/#\/schema\/person\/dc55486507e452648954ff9547dc80be","name":"webwkl2228265563","image":{"@type":"ImageObject","inLanguage":"en-GB","@id":"https:\/\/wellenklaenge.at\/#\/schema\/person\/image\/","url":"https:\/\/secure.gravatar.com\/avatar\/7a08289d36f0fdead7b057408791be59?s=96&d=mm&r=g","contentUrl":"https:\/\/secure.gravatar.com\/avatar\/7a08289d36f0fdead7b057408791be59?s=96&d=mm&r=g","caption":"webwkl2228265563"},"url":"https:\/\/wellenklaenge.at\/en\/author\/webwkl2228265563\/"}]}},"_links":{"self":[{"href":"https:\/\/wellenklaenge.at\/en\/wp-json\/wp\/v2\/posts\/17476","targetHints":{"allow":["GET"]}}],"collection":[{"href":"https:\/\/wellenklaenge.at\/en\/wp-json\/wp\/v2\/posts"}],"about":[{"href":"https:\/\/wellenklaenge.at\/en\/wp-json\/wp\/v2\/types\/post"}],"author":[{"embeddable":true,"href":"https:\/\/wellenklaenge.at\/en\/wp-json\/wp\/v2\/users\/1"}],"replies":[{"embeddable":true,"href":"https:\/\/wellenklaenge.at\/en\/wp-json\/wp\/v2\/comments?post=17476"}],"version-history":[{"count":2,"href":"https:\/\/wellenklaenge.at\/en\/wp-json\/wp\/v2\/posts\/17476\/revisions"}],"predecessor-version":[{"id":17479,"href":"https:\/\/wellenklaenge.at\/en\/wp-json\/wp\/v2\/posts\/17476\/revisions\/17479"}],"wp:featuredmedia":[{"embeddable":true,"href":"https:\/\/wellenklaenge.at\/en\/wp-json\/wp\/v2\/media\/17478"}],"wp:attachment":[{"href":"https:\/\/wellenklaenge.at\/en\/wp-json\/wp\/v2\/media?parent=17476"}],"wp:term":[{"taxonomy":"category","embeddable":true,"href":"https:\/\/wellenklaenge.at\/en\/wp-json\/wp\/v2\/categories?post=17476"},{"taxonomy":"post_tag","embeddable":true,"href":"https:\/\/wellenklaenge.at\/en\/wp-json\/wp\/v2\/tags?post=17476"},{"taxonomy":"post_folder","embeddable":true,"href":"https:\/\/wellenklaenge.at\/en\/wp-json\/wp\/v2\/post_folder?post=17476"}],"curies":[{"name":"wp","href":"https:\/\/api.w.org\/{rel}","templated":true}]}}