{"id":10178,"date":"2023-10-18T13:48:04","date_gmt":"2023-10-18T11:48:04","guid":{"rendered":"https:\/\/wellenklaenge.at\/?p=10178"},"modified":"2025-03-21T09:42:26","modified_gmt":"2025-03-21T08:42:26","slug":"wut-wandel-wellenklaenge-eroeffnung-2023","status":"publish","type":"post","link":"https:\/\/wellenklaenge.at\/en\/2023\/10\/18\/wut-wandel-wellenklaenge-eroeffnung-2023\/","title":{"rendered":"Wut &#038; Wandel \/\/ wellenkl\u00e6nge Er\u00f6ffnung 2023"},"content":{"rendered":"<p>Wut hilft Menschen, die sich unfreiwillig am Rande unserer Gesellschaft befinden, ihre Stimme zu erheben. Sie gibt ihnen Kraft, f\u00fcr ihre Rechte zu k\u00e4mpfen, erz\u00e4hlt ihre Geschichten und gibt ihnen den Raum, der ihnen zusteht. Mit diesem transformativen Aspekt von Wut haben sich die K\u00fcnstler*innen des Er\u00f6ffnungsabends k\u00fcnstlerisch auseinandergesetzt, um so einen innerlichen Wandel in Gang zu bringen, der Wellen schlagen kann.<br \/>\n&nbsp;<br \/>\nDass Wut auch einen unfassbar zerst\u00f6rerischen Aspekt haben kann und hat, daran werden wir diesen Tagen wieder schmerzlich erinnert. Unsere Gedanken sind bei den Opfern des Krieges im nahen Osten und allen anderen Kriegen, sowie Opfern derzeitiger Naturkatastrophen. Bei all jenen, die keinen Kanal f\u00fcr ihre Wut, Trauer und Verzweiflung haben, und keine Kraft mehr, ihre Stimme zu erheben.<\/p>\n<p>&nbsp;<\/p>\n<p><iframe loading=\"lazy\" title=\"YouTube video player\" src=\"https:\/\/www.youtube-nocookie.com\/embed\/MFULM7kXXq8\" width=\"560\" height=\"315\" frameborder=\"0\" allowfullscreen=\"allowfullscreen\"><\/iframe><\/p>","protected":false},"excerpt":{"rendered":"<p>Wut hilft Menschen, die sich unfreiwillig am Rande unserer Gesellschaft befinden, ihre Stimme zu erheben. Sie gibt ihnen Kraft, f\u00fcr ihre Rechte zu k\u00e4mpfen, erz\u00e4hlt ihre Geschichten und gibt ihnen den Raum, der ihnen zusteht. <\/p>","protected":false},"author":1,"featured_media":10181,"comment_status":"closed","ping_status":"closed","sticky":false,"template":"elementor_theme","format":"standard","meta":{"inline_featured_image":false,"footnotes":""},"categories":[1],"tags":[55],"post_folder":[],"class_list":["post-10178","post","type-post","status-publish","format-standard","has-post-thumbnail","hentry","category-allgemein","tag-news"],"yoast_head":"<!-- This site is optimized with the Yoast SEO plugin v20.1 - https:\/\/yoast.com\/wordpress\/plugins\/seo\/ -->\n<title>Wut &amp; Wandel \/\/ wellenkl\u00e6nge Er\u00f6ffnung 2023 - wellenklaenge<\/title>\n<meta name=\"description\" content=\"wellenklaenge festival - Festival f\u00fcr zeitgen\u00f6ssische Str\u00f6mungen\" \/>\n<meta name=\"robots\" content=\"index, follow, max-snippet:-1, max-image-preview:large, max-video-preview:-1\" \/>\n<link rel=\"canonical\" href=\"https:\/\/wellenklaenge.at\/en\/2023\/10\/18\/wut-wandel-wellenklaenge-eroeffnung-2023\/\" \/>\n<meta property=\"og:locale\" content=\"en_GB\" \/>\n<meta property=\"og:type\" content=\"article\" \/>\n<meta property=\"og:title\" content=\"Wut &amp; Wandel \/\/ wellenkl\u00e6nge Er\u00f6ffnung 2023 - wellenklaenge\" \/>\n<meta property=\"og:description\" content=\"wellenklaenge festival - Festival f\u00fcr zeitgen\u00f6ssische Str\u00f6mungen\" \/>\n<meta property=\"og:url\" content=\"https:\/\/wellenklaenge.at\/en\/2023\/10\/18\/wut-wandel-wellenklaenge-eroeffnung-2023\/\" \/>\n<meta property=\"og:site_name\" content=\"wellenklaenge\" \/>\n<meta property=\"article:published_time\" content=\"2023-10-18T11:48:04+00:00\" \/>\n<meta property=\"article:modified_time\" content=\"2025-03-21T08:42:26+00:00\" \/>\n<meta property=\"og:image\" content=\"https:\/\/wellenklaenge.at\/wp-content\/uploads\/2023\/10\/wut-wandel.jpg\" \/>\n\t<meta property=\"og:image:width\" content=\"640\" \/>\n\t<meta property=\"og:image:height\" content=\"362\" \/>\n\t<meta property=\"og:image:type\" content=\"image\/jpeg\" \/>\n<meta name=\"author\" content=\"webwkl2228265563\" \/>\n<meta name=\"twitter:card\" content=\"summary_large_image\" \/>\n<meta name=\"twitter:label1\" content=\"Written by\" \/>\n\t<meta name=\"twitter:data1\" content=\"webwkl2228265563\" \/>\n\t<meta name=\"twitter:label2\" content=\"Estimated reading time\" \/>\n\t<meta name=\"twitter:data2\" content=\"1 minute\" \/>\n<script type=\"application\/ld+json\" class=\"yoast-schema-graph\">{\"@context\":\"https:\/\/schema.org\",\"@graph\":[{\"@type\":\"WebPage\",\"@id\":\"https:\/\/wellenklaenge.at\/2023\/10\/18\/wut-wandel-wellenklaenge-eroeffnung-2023\/\",\"url\":\"https:\/\/wellenklaenge.at\/2023\/10\/18\/wut-wandel-wellenklaenge-eroeffnung-2023\/\",\"name\":\"Wut & Wandel \/\/ wellenkl\u00e6nge Er\u00f6ffnung 2023 - wellenklaenge\",\"isPartOf\":{\"@id\":\"https:\/\/wellenklaenge.at\/#website\"},\"datePublished\":\"2023-10-18T11:48:04+00:00\",\"dateModified\":\"2025-03-21T08:42:26+00:00\",\"author\":{\"@id\":\"https:\/\/wellenklaenge.at\/#\/schema\/person\/dc55486507e452648954ff9547dc80be\"},\"description\":\"wellenklaenge festival - Festival f\u00fcr zeitgen\u00f6ssische Str\u00f6mungen\",\"breadcrumb\":{\"@id\":\"https:\/\/wellenklaenge.at\/2023\/10\/18\/wut-wandel-wellenklaenge-eroeffnung-2023\/#breadcrumb\"},\"inLanguage\":\"en-GB\",\"potentialAction\":[{\"@type\":\"ReadAction\",\"target\":[\"https:\/\/wellenklaenge.at\/2023\/10\/18\/wut-wandel-wellenklaenge-eroeffnung-2023\/\"]}]},{\"@type\":\"BreadcrumbList\",\"@id\":\"https:\/\/wellenklaenge.at\/2023\/10\/18\/wut-wandel-wellenklaenge-eroeffnung-2023\/#breadcrumb\",\"itemListElement\":[{\"@type\":\"ListItem\",\"position\":1,\"name\":\"Startseite\",\"item\":\"https:\/\/wellenklaenge.at\/\"},{\"@type\":\"ListItem\",\"position\":2,\"name\":\"Wut &#038; Wandel \/\/ wellenkl\u00e6nge Er\u00f6ffnung 2023\"}]},{\"@type\":\"WebSite\",\"@id\":\"https:\/\/wellenklaenge.at\/#website\",\"url\":\"https:\/\/wellenklaenge.at\/\",\"name\":\"wellenklaenge\",\"description\":\"Festival f\u00fcr zeitgen\u00f6ssische Str\u00f6mungen\",\"potentialAction\":[{\"@type\":\"SearchAction\",\"target\":{\"@type\":\"EntryPoint\",\"urlTemplate\":\"https:\/\/wellenklaenge.at\/?s={search_term_string}\"},\"query-input\":\"required name=search_term_string\"}],\"inLanguage\":\"en-GB\"},{\"@type\":\"Person\",\"@id\":\"https:\/\/wellenklaenge.at\/#\/schema\/person\/dc55486507e452648954ff9547dc80be\",\"name\":\"webwkl2228265563\",\"image\":{\"@type\":\"ImageObject\",\"inLanguage\":\"en-GB\",\"@id\":\"https:\/\/wellenklaenge.at\/#\/schema\/person\/image\/\",\"url\":\"https:\/\/secure.gravatar.com\/avatar\/7a08289d36f0fdead7b057408791be59?s=96&d=mm&r=g\",\"contentUrl\":\"https:\/\/secure.gravatar.com\/avatar\/7a08289d36f0fdead7b057408791be59?s=96&d=mm&r=g\",\"caption\":\"webwkl2228265563\"},\"url\":\"https:\/\/wellenklaenge.at\/en\/author\/webwkl2228265563\/\"}]}<\/script>\n<!-- \/ Yoast SEO plugin. -->","yoast_head_json":{"title":"Wut & Wandel \/\/ wellenkl\u00e6nge Er\u00f6ffnung 2023 - wellenklaenge","description":"wellenklaenge festival - Festival f\u00fcr zeitgen\u00f6ssische Str\u00f6mungen","robots":{"index":"index","follow":"follow","max-snippet":"max-snippet:-1","max-image-preview":"max-image-preview:large","max-video-preview":"max-video-preview:-1"},"canonical":"https:\/\/wellenklaenge.at\/en\/2023\/10\/18\/wut-wandel-wellenklaenge-eroeffnung-2023\/","og_locale":"en_GB","og_type":"article","og_title":"Wut & Wandel \/\/ wellenkl\u00e6nge Er\u00f6ffnung 2023 - wellenklaenge","og_description":"wellenklaenge festival - Festival f\u00fcr zeitgen\u00f6ssische Str\u00f6mungen","og_url":"https:\/\/wellenklaenge.at\/en\/2023\/10\/18\/wut-wandel-wellenklaenge-eroeffnung-2023\/","og_site_name":"wellenklaenge","article_published_time":"2023-10-18T11:48:04+00:00","article_modified_time":"2025-03-21T08:42:26+00:00","og_image":[{"width":640,"height":362,"url":"https:\/\/wellenklaenge.at\/wp-content\/uploads\/2023\/10\/wut-wandel.jpg","type":"image\/jpeg"}],"author":"webwkl2228265563","twitter_card":"summary_large_image","twitter_misc":{"Written by":"webwkl2228265563","Estimated reading time":"1 minute"},"schema":{"@context":"https:\/\/schema.org","@graph":[{"@type":"WebPage","@id":"https:\/\/wellenklaenge.at\/2023\/10\/18\/wut-wandel-wellenklaenge-eroeffnung-2023\/","url":"https:\/\/wellenklaenge.at\/2023\/10\/18\/wut-wandel-wellenklaenge-eroeffnung-2023\/","name":"Wut & Wandel \/\/ wellenkl\u00e6nge Er\u00f6ffnung 2023 - wellenklaenge","isPartOf":{"@id":"https:\/\/wellenklaenge.at\/#website"},"datePublished":"2023-10-18T11:48:04+00:00","dateModified":"2025-03-21T08:42:26+00:00","author":{"@id":"https:\/\/wellenklaenge.at\/#\/schema\/person\/dc55486507e452648954ff9547dc80be"},"description":"wellenklaenge festival - Festival f\u00fcr zeitgen\u00f6ssische Str\u00f6mungen","breadcrumb":{"@id":"https:\/\/wellenklaenge.at\/2023\/10\/18\/wut-wandel-wellenklaenge-eroeffnung-2023\/#breadcrumb"},"inLanguage":"en-GB","potentialAction":[{"@type":"ReadAction","target":["https:\/\/wellenklaenge.at\/2023\/10\/18\/wut-wandel-wellenklaenge-eroeffnung-2023\/"]}]},{"@type":"BreadcrumbList","@id":"https:\/\/wellenklaenge.at\/2023\/10\/18\/wut-wandel-wellenklaenge-eroeffnung-2023\/#breadcrumb","itemListElement":[{"@type":"ListItem","position":1,"name":"Startseite","item":"https:\/\/wellenklaenge.at\/"},{"@type":"ListItem","position":2,"name":"Wut &#038; Wandel \/\/ wellenkl\u00e6nge Er\u00f6ffnung 2023"}]},{"@type":"WebSite","@id":"https:\/\/wellenklaenge.at\/#website","url":"https:\/\/wellenklaenge.at\/","name":"wellenklaenge","description":"Festival f\u00fcr zeitgen\u00f6ssische Str\u00f6mungen","potentialAction":[{"@type":"SearchAction","target":{"@type":"EntryPoint","urlTemplate":"https:\/\/wellenklaenge.at\/?s={search_term_string}"},"query-input":"required name=search_term_string"}],"inLanguage":"en-GB"},{"@type":"Person","@id":"https:\/\/wellenklaenge.at\/#\/schema\/person\/dc55486507e452648954ff9547dc80be","name":"webwkl2228265563","image":{"@type":"ImageObject","inLanguage":"en-GB","@id":"https:\/\/wellenklaenge.at\/#\/schema\/person\/image\/","url":"https:\/\/secure.gravatar.com\/avatar\/7a08289d36f0fdead7b057408791be59?s=96&d=mm&r=g","contentUrl":"https:\/\/secure.gravatar.com\/avatar\/7a08289d36f0fdead7b057408791be59?s=96&d=mm&r=g","caption":"webwkl2228265563"},"url":"https:\/\/wellenklaenge.at\/en\/author\/webwkl2228265563\/"}]}},"_links":{"self":[{"href":"https:\/\/wellenklaenge.at\/en\/wp-json\/wp\/v2\/posts\/10178","targetHints":{"allow":["GET"]}}],"collection":[{"href":"https:\/\/wellenklaenge.at\/en\/wp-json\/wp\/v2\/posts"}],"about":[{"href":"https:\/\/wellenklaenge.at\/en\/wp-json\/wp\/v2\/types\/post"}],"author":[{"embeddable":true,"href":"https:\/\/wellenklaenge.at\/en\/wp-json\/wp\/v2\/users\/1"}],"replies":[{"embeddable":true,"href":"https:\/\/wellenklaenge.at\/en\/wp-json\/wp\/v2\/comments?post=10178"}],"version-history":[{"count":4,"href":"https:\/\/wellenklaenge.at\/en\/wp-json\/wp\/v2\/posts\/10178\/revisions"}],"predecessor-version":[{"id":10184,"href":"https:\/\/wellenklaenge.at\/en\/wp-json\/wp\/v2\/posts\/10178\/revisions\/10184"}],"wp:featuredmedia":[{"embeddable":true,"href":"https:\/\/wellenklaenge.at\/en\/wp-json\/wp\/v2\/media\/10181"}],"wp:attachment":[{"href":"https:\/\/wellenklaenge.at\/en\/wp-json\/wp\/v2\/media?parent=10178"}],"wp:term":[{"taxonomy":"category","embeddable":true,"href":"https:\/\/wellenklaenge.at\/en\/wp-json\/wp\/v2\/categories?post=10178"},{"taxonomy":"post_tag","embeddable":true,"href":"https:\/\/wellenklaenge.at\/en\/wp-json\/wp\/v2\/tags?post=10178"},{"taxonomy":"post_folder","embeddable":true,"href":"https:\/\/wellenklaenge.at\/en\/wp-json\/wp\/v2\/post_folder?post=10178"}],"curies":[{"name":"wp","href":"https:\/\/api.w.org\/{rel}","templated":true}]}}